{"id":6320,"date":"2018-09-13T11:03:11","date_gmt":"2018-09-13T09:03:11","guid":{"rendered":"http:\/\/cocemfevalencia.org\/?p=1763"},"modified":"2018-09-13T11:03:11","modified_gmt":"2018-09-13T09:03:11","slug":"cocemfe-valencia-sigue-prestando-el-servicio-de-terapia-ocupacional-durante-2018","status":"publish","type":"post","link":"https:\/\/cocemfevalencia.org\/es\/cocemfe-valencia-sigue-prestando-el-servicio-de-terapia-ocupacional-durante-2018\/","title":{"rendered":"COCEMFE VALENCIA sigue prestando el servicio de Terapia Ocupacional durante 2018"},"content":{"rendered":"\t\t<div data-elementor-type=\"wp-post\" data-elementor-id=\"6320\" class=\"elementor elementor-6320 elementor-bc-flex-widget\" data-elementor-post-type=\"post\">\n\t\t\t\t\t\t<section class=\"elementor-section elementor-top-section elementor-element elementor-element-7c90b82 elementor-section-boxed elementor-section-height-default elementor-section-height-default\" data-id=\"7c90b82\" data-element_type=\"section\" data-e-type=\"section\">\n\t\t\t\t\t\t<div class=\"elementor-container elementor-column-gap-default\">\n\t\t\t\t\t<div class=\"elementor-column elementor-col-50 elementor-top-column elementor-element elementor-element-6570d99\" data-id=\"6570d99\" data-element_type=\"column\" data-e-type=\"column\">\n\t\t\t<div class=\"elementor-widget-wrap elementor-element-populated\">\n\t\t\t\t\t\t<div class=\"elementor-element elementor-element-a86049a elementor-widget elementor-widget-image\" data-id=\"a86049a\" data-element_type=\"widget\" data-e-type=\"widget\" data-widget_type=\"image.default\">\n\t\t\t\t<div class=\"elementor-widget-container\">\n\t\t\t\t\t\t\t\t\t\t\t\t\t\t\t<img fetchpriority=\"high\" decoding=\"async\" width=\"660\" height=\"495\" src=\"https:\/\/cocemfevalencia.org\/wp-content\/uploads\/2018\/09\/8-1-1.jpg\" class=\"attachment-large size-large wp-image-1758\" alt=\"\" srcset=\"https:\/\/cocemfevalencia.org\/wp-content\/uploads\/2018\/09\/8-1-1.jpg 660w, https:\/\/cocemfevalencia.org\/wp-content\/uploads\/2018\/09\/8-1-1-300x225.jpg 300w\" sizes=\"(max-width: 660px) 100vw, 660px\" \/>\t\t\t\t\t\t\t\t\t\t\t\t\t\t\t<\/div>\n\t\t\t\t<\/div>\n\t\t\t\t\t<\/div>\n\t\t<\/div>\n\t\t\t\t<div class=\"elementor-column elementor-col-50 elementor-top-column elementor-element elementor-element-05fbb80\" data-id=\"05fbb80\" data-element_type=\"column\" data-e-type=\"column\">\n\t\t\t<div class=\"elementor-widget-wrap elementor-element-populated\">\n\t\t\t\t\t\t<div class=\"elementor-element elementor-element-22ec3d5 elementor-widget elementor-widget-text-editor\" data-id=\"22ec3d5\" data-element_type=\"widget\" data-e-type=\"widget\" data-widget_type=\"text-editor.default\">\n\t\t\t\t<div class=\"elementor-widget-container\">\n\t\t\t\t\t\t\t\t\t<p>COCEMFE VALENCIA Sigue trabajando\u00a0 para mejorar la autonom\u00eda personal y la calidad de vida de las personas (personas usuarias, personas cuidadoras y\/o familiares).<\/p><p>El Servicio de Terapia Ocupacional cuenta con\u00a0 una Terapeuta Ocupacional colegiada que desarrolla diferentes entrenamientos, rehabilitaci\u00f3n y\u00a0 asesoramiento con el objetivo de mejorar la calidad de vida de las personas beneficiarias.\u00a0<\/p><p>En el<a href=\"http:\/\/cocemfevalencia.org\/fomento-de-autonomia-personal-fap\/programa-de-autonomia-personal-y-vida-independiente-para-personas-con-discapacidad-fisica-y-u-organica\/\"> siguiente apartado<\/a> encontrar\u00e1 el Cat\u00e1logo completo de los Servicios ofrecidos.\u00a0<\/p><p><span lang=\"ES\">Este servicio, forma parte del programa de \u201cAutonom\u00eda personal y vida independiente para personas con gran discapacidad f\u00edsica y\/u org\u00e1nica\u201d que se est\u00e1 ejecutando gracias a la subvenci\u00f3n de 45.510\u20ac\u00a0procedente de la Convocatoria<\/span><span lang=\"ES\">\u00a0para la realizaci\u00f3n de programas de inter\u00e9s general para atender a fines de car\u00e1cter social con cargo a la asignaci\u00f3n tributaria del 0,7 % del Impuesto sobre la Renta de las Personas F\u00edsicas en la Comunitat Valenciana, de la\u00a0 Vicepresidencia y Conselleria de Igualdad y Pol\u00edticas Inclusivas.<\/span><\/p>\t\t\t\t\t\t\t\t<\/div>\n\t\t\t\t<\/div>\n\t\t\t\t\t<\/div>\n\t\t<\/div>\n\t\t\t\t\t<\/div>\n\t\t<\/section>\n\t\t\t\t<\/div>\n\t\t<p>Visitas: 1<\/p>","protected":false},"excerpt":{"rendered":"<p>COCEMFE VALENCIA Sigue trabajando\u00a0 para mejorar la autonom\u00eda personal y la calidad de vida de las personas (personas usuarias, personas cuidadoras y\/o familiares). El Servicio de Terapia Ocupacional cuenta con\u00a0 una Terapeuta Ocupacional colegiada que desarrolla diferentes entrenamientos, rehabilitaci\u00f3n y\u00a0 asesoramiento con el objetivo de mejorar la calidad de vida de las personas beneficiarias. En&hellip;&nbsp;<a href=\"https:\/\/cocemfevalencia.org\/es\/cocemfe-valencia-sigue-prestando-el-servicio-de-terapia-ocupacional-durante-2018\/\" rel=\"bookmark\">Leer m\u00e1s &raquo;<span class=\"screen-reader-text\">COCEMFE VALENCIA sigue prestando el servicio de Terapia Ocupacional durante 2018<\/span><\/a><\/p>\n","protected":false},"author":3,"featured_media":1758,"comment_status":"open","ping_status":"open","sticky":false,"template":"","format":"standard","meta":{"rop_custom_images_group":[],"rop_custom_messages_group":[],"rop_publish_now":"initial","rop_publish_now_accounts":[],"rop_publish_now_history":[],"rop_publish_now_status":"pending","neve_meta_sidebar":"","neve_meta_container":"","neve_meta_enable_content_width":"","neve_meta_content_width":0,"neve_meta_title_alignment":"","neve_meta_author_avatar":"","neve_post_elements_order":"","neve_meta_disable_header":"","neve_meta_disable_footer":"","neve_meta_disable_title":"","footnotes":""},"categories":[5],"tags":[],"class_list":["post-6320","post","type-post","status-publish","format-standard","has-post-thumbnail","hentry","category-noticias"],"yoast_head":"<!-- This site is optimized with the Yoast SEO plugin v27.3 - https:\/\/yoast.com\/product\/yoast-seo-wordpress\/ -->\n<title>COCEMFE VALENCIA sigue prestando el servicio de Terapia Ocupacional durante 2018 - Cocemfe Valencia<\/title>\n<meta name=\"robots\" content=\"index, follow, max-snippet:-1, max-image-preview:large, max-video-preview:-1\" \/>\n<link rel=\"canonical\" href=\"https:\/\/cocemfevalencia.org\/es\/cocemfe-valencia-sigue-prestando-el-servicio-de-terapia-ocupacional-durante-2018\/\" \/>\n<meta property=\"og:locale\" content=\"es_ES\" \/>\n<meta property=\"og:type\" content=\"article\" \/>\n<meta property=\"og:title\" content=\"COCEMFE VALENCIA sigue prestando el servicio de Terapia Ocupacional durante 2018 - Cocemfe Valencia\" \/>\n<meta property=\"og:description\" content=\"COCEMFE VALENCIA Sigue trabajando\u00a0 para mejorar la autonom\u00eda personal y la calidad de vida de las personas (personas usuarias, personas cuidadoras y\/o familiares). El Servicio de Terapia Ocupacional cuenta con\u00a0 una Terapeuta Ocupacional colegiada que desarrolla diferentes entrenamientos, rehabilitaci\u00f3n y\u00a0 asesoramiento con el objetivo de mejorar la calidad de vida de las personas beneficiarias. En&hellip;&nbsp;Leer m\u00e1s &raquo;COCEMFE VALENCIA sigue prestando el servicio de Terapia Ocupacional durante 2018\" \/>\n<meta property=\"og:url\" content=\"https:\/\/cocemfevalencia.org\/es\/cocemfe-valencia-sigue-prestando-el-servicio-de-terapia-ocupacional-durante-2018\/\" \/>\n<meta property=\"og:site_name\" content=\"Cocemfe Valencia\" \/>\n<meta property=\"article:publisher\" content=\"https:\/\/www.facebook.com\/cocemfe.valencia\" \/>\n<meta property=\"article:published_time\" content=\"2018-09-13T09:03:11+00:00\" \/>\n<meta property=\"og:image\" content=\"https:\/\/cocemfevalencia.org\/wp-content\/uploads\/2018\/09\/8-1-1.jpg\" \/>\n\t<meta property=\"og:image:width\" content=\"660\" \/>\n\t<meta property=\"og:image:height\" content=\"495\" \/>\n\t<meta property=\"og:image:type\" content=\"image\/jpeg\" \/>\n<meta name=\"author\" content=\"COCEMFE VALENCIA\" \/>\n<meta name=\"twitter:card\" content=\"summary_large_image\" \/>\n<meta name=\"twitter:creator\" content=\"@COCEMFEValencia\" \/>\n<meta name=\"twitter:site\" content=\"@COCEMFEValencia\" \/>\n<meta name=\"twitter:label1\" content=\"Escrito por\" \/>\n\t<meta name=\"twitter:data1\" content=\"COCEMFE VALENCIA\" \/>\n\t<meta name=\"twitter:label2\" content=\"Tiempo de lectura\" \/>\n\t<meta name=\"twitter:data2\" content=\"1 minuto\" \/>\n<script type=\"application\/ld+json\" class=\"yoast-schema-graph\">{\"@context\":\"https:\\\/\\\/schema.org\",\"@graph\":[{\"@type\":\"Article\",\"@id\":\"https:\\\/\\\/cocemfevalencia.org\\\/es\\\/cocemfe-valencia-sigue-prestando-el-servicio-de-terapia-ocupacional-durante-2018\\\/#article\",\"isPartOf\":{\"@id\":\"https:\\\/\\\/cocemfevalencia.org\\\/es\\\/cocemfe-valencia-sigue-prestando-el-servicio-de-terapia-ocupacional-durante-2018\\\/\"},\"author\":{\"name\":\"COCEMFE VALENCIA\",\"@id\":\"https:\\\/\\\/cocemfevalencia.org\\\/es\\\/#\\\/schema\\\/person\\\/e31a24227ccbc918e2c80add51990ad7\"},\"headline\":\"COCEMFE VALENCIA sigue prestando el servicio de Terapia Ocupacional durante 2018\",\"datePublished\":\"2018-09-13T09:03:11+00:00\",\"mainEntityOfPage\":{\"@id\":\"https:\\\/\\\/cocemfevalencia.org\\\/es\\\/cocemfe-valencia-sigue-prestando-el-servicio-de-terapia-ocupacional-durante-2018\\\/\"},\"wordCount\":169,\"commentCount\":0,\"publisher\":{\"@id\":\"https:\\\/\\\/cocemfevalencia.org\\\/es\\\/#organization\"},\"image\":{\"@id\":\"https:\\\/\\\/cocemfevalencia.org\\\/es\\\/cocemfe-valencia-sigue-prestando-el-servicio-de-terapia-ocupacional-durante-2018\\\/#primaryimage\"},\"thumbnailUrl\":\"https:\\\/\\\/cocemfevalencia.org\\\/wp-content\\\/uploads\\\/2018\\\/09\\\/8-1-1.jpg\",\"articleSection\":[\"Not\u00edcies\"],\"inLanguage\":\"es\",\"potentialAction\":[{\"@type\":\"CommentAction\",\"name\":\"Comment\",\"target\":[\"https:\\\/\\\/cocemfevalencia.org\\\/es\\\/cocemfe-valencia-sigue-prestando-el-servicio-de-terapia-ocupacional-durante-2018\\\/#respond\"]}]},{\"@type\":\"WebPage\",\"@id\":\"https:\\\/\\\/cocemfevalencia.org\\\/es\\\/cocemfe-valencia-sigue-prestando-el-servicio-de-terapia-ocupacional-durante-2018\\\/\",\"url\":\"https:\\\/\\\/cocemfevalencia.org\\\/es\\\/cocemfe-valencia-sigue-prestando-el-servicio-de-terapia-ocupacional-durante-2018\\\/\",\"name\":\"COCEMFE VALENCIA sigue prestando el servicio de Terapia Ocupacional durante 2018 - Cocemfe Valencia\",\"isPartOf\":{\"@id\":\"https:\\\/\\\/cocemfevalencia.org\\\/es\\\/#website\"},\"primaryImageOfPage\":{\"@id\":\"https:\\\/\\\/cocemfevalencia.org\\\/es\\\/cocemfe-valencia-sigue-prestando-el-servicio-de-terapia-ocupacional-durante-2018\\\/#primaryimage\"},\"image\":{\"@id\":\"https:\\\/\\\/cocemfevalencia.org\\\/es\\\/cocemfe-valencia-sigue-prestando-el-servicio-de-terapia-ocupacional-durante-2018\\\/#primaryimage\"},\"thumbnailUrl\":\"https:\\\/\\\/cocemfevalencia.org\\\/wp-content\\\/uploads\\\/2018\\\/09\\\/8-1-1.jpg\",\"datePublished\":\"2018-09-13T09:03:11+00:00\",\"breadcrumb\":{\"@id\":\"https:\\\/\\\/cocemfevalencia.org\\\/es\\\/cocemfe-valencia-sigue-prestando-el-servicio-de-terapia-ocupacional-durante-2018\\\/#breadcrumb\"},\"inLanguage\":\"es\",\"potentialAction\":[{\"@type\":\"ReadAction\",\"target\":[\"https:\\\/\\\/cocemfevalencia.org\\\/es\\\/cocemfe-valencia-sigue-prestando-el-servicio-de-terapia-ocupacional-durante-2018\\\/\"]}]},{\"@type\":\"ImageObject\",\"inLanguage\":\"es\",\"@id\":\"https:\\\/\\\/cocemfevalencia.org\\\/es\\\/cocemfe-valencia-sigue-prestando-el-servicio-de-terapia-ocupacional-durante-2018\\\/#primaryimage\",\"url\":\"https:\\\/\\\/cocemfevalencia.org\\\/wp-content\\\/uploads\\\/2018\\\/09\\\/8-1-1.jpg\",\"contentUrl\":\"https:\\\/\\\/cocemfevalencia.org\\\/wp-content\\\/uploads\\\/2018\\\/09\\\/8-1-1.jpg\",\"width\":660,\"height\":495},{\"@type\":\"BreadcrumbList\",\"@id\":\"https:\\\/\\\/cocemfevalencia.org\\\/es\\\/cocemfe-valencia-sigue-prestando-el-servicio-de-terapia-ocupacional-durante-2018\\\/#breadcrumb\",\"itemListElement\":[{\"@type\":\"ListItem\",\"position\":1,\"name\":\"Portada\",\"item\":\"https:\\\/\\\/cocemfevalencia.org\\\/es\\\/\"},{\"@type\":\"ListItem\",\"position\":2,\"name\":\"COCEMFE VALENCIA sigue prestando el servicio de Terapia Ocupacional durante 2018\"}]},{\"@type\":\"WebSite\",\"@id\":\"https:\\\/\\\/cocemfevalencia.org\\\/es\\\/#website\",\"url\":\"https:\\\/\\\/cocemfevalencia.org\\\/es\\\/\",\"name\":\"Cocemfe Valencia\",\"description\":\"FEDERACI\u00d3N DE ASOCIACIONES DE PERSONAS CON DISCAPACIDAD F\u00cdSICA Y ORG\u00c1NICA DE LA PROV\u00cdNCIA DE VALENCIA\",\"publisher\":{\"@id\":\"https:\\\/\\\/cocemfevalencia.org\\\/es\\\/#organization\"},\"potentialAction\":[{\"@type\":\"SearchAction\",\"target\":{\"@type\":\"EntryPoint\",\"urlTemplate\":\"https:\\\/\\\/cocemfevalencia.org\\\/es\\\/?s={search_term_string}\"},\"query-input\":{\"@type\":\"PropertyValueSpecification\",\"valueRequired\":true,\"valueName\":\"search_term_string\"}}],\"inLanguage\":\"es\"},{\"@type\":\"Organization\",\"@id\":\"https:\\\/\\\/cocemfevalencia.org\\\/es\\\/#organization\",\"name\":\"Cocemfe Valencia\",\"url\":\"https:\\\/\\\/cocemfevalencia.org\\\/es\\\/\",\"logo\":{\"@type\":\"ImageObject\",\"inLanguage\":\"es\",\"@id\":\"https:\\\/\\\/cocemfevalencia.org\\\/es\\\/#\\\/schema\\\/logo\\\/image\\\/\",\"url\":\"https:\\\/\\\/cocemfevalencia.org\\\/wp-content\\\/uploads\\\/2023\\\/03\\\/0312-Horizontal-una-linea-larga-rgb-positivo-Tricolor.png\",\"contentUrl\":\"https:\\\/\\\/cocemfevalencia.org\\\/wp-content\\\/uploads\\\/2023\\\/03\\\/0312-Horizontal-una-linea-larga-rgb-positivo-Tricolor.png\",\"width\":2334,\"height\":613,\"caption\":\"Cocemfe Valencia\"},\"image\":{\"@id\":\"https:\\\/\\\/cocemfevalencia.org\\\/es\\\/#\\\/schema\\\/logo\\\/image\\\/\"},\"sameAs\":[\"https:\\\/\\\/www.facebook.com\\\/cocemfe.valencia\",\"https:\\\/\\\/x.com\\\/COCEMFEValencia\"]},{\"@type\":\"Person\",\"@id\":\"https:\\\/\\\/cocemfevalencia.org\\\/es\\\/#\\\/schema\\\/person\\\/e31a24227ccbc918e2c80add51990ad7\",\"name\":\"COCEMFE VALENCIA\",\"image\":{\"@type\":\"ImageObject\",\"inLanguage\":\"es\",\"@id\":\"https:\\\/\\\/secure.gravatar.com\\\/avatar\\\/81dd2ced4591577d70433bbfde65ba3f931e09f5cb4ca8c890817c47789b47f0?s=96&d=mm&r=g\",\"url\":\"https:\\\/\\\/secure.gravatar.com\\\/avatar\\\/81dd2ced4591577d70433bbfde65ba3f931e09f5cb4ca8c890817c47789b47f0?s=96&d=mm&r=g\",\"contentUrl\":\"https:\\\/\\\/secure.gravatar.com\\\/avatar\\\/81dd2ced4591577d70433bbfde65ba3f931e09f5cb4ca8c890817c47789b47f0?s=96&d=mm&r=g\",\"caption\":\"COCEMFE VALENCIA\"}}]}<\/script>\n<!-- \/ Yoast SEO plugin. -->","yoast_head_json":{"title":"COCEMFE VALENCIA sigue prestando el servicio de Terapia Ocupacional durante 2018 - Cocemfe Valencia","robots":{"index":"index","follow":"follow","max-snippet":"max-snippet:-1","max-image-preview":"max-image-preview:large","max-video-preview":"max-video-preview:-1"},"canonical":"https:\/\/cocemfevalencia.org\/es\/cocemfe-valencia-sigue-prestando-el-servicio-de-terapia-ocupacional-durante-2018\/","og_locale":"es_ES","og_type":"article","og_title":"COCEMFE VALENCIA sigue prestando el servicio de Terapia Ocupacional durante 2018 - Cocemfe Valencia","og_description":"COCEMFE VALENCIA Sigue trabajando\u00a0 para mejorar la autonom\u00eda personal y la calidad de vida de las personas (personas usuarias, personas cuidadoras y\/o familiares). El Servicio de Terapia Ocupacional cuenta con\u00a0 una Terapeuta Ocupacional colegiada que desarrolla diferentes entrenamientos, rehabilitaci\u00f3n y\u00a0 asesoramiento con el objetivo de mejorar la calidad de vida de las personas beneficiarias. En&hellip;&nbsp;Leer m\u00e1s &raquo;COCEMFE VALENCIA sigue prestando el servicio de Terapia Ocupacional durante 2018","og_url":"https:\/\/cocemfevalencia.org\/es\/cocemfe-valencia-sigue-prestando-el-servicio-de-terapia-ocupacional-durante-2018\/","og_site_name":"Cocemfe Valencia","article_publisher":"https:\/\/www.facebook.com\/cocemfe.valencia","article_published_time":"2018-09-13T09:03:11+00:00","og_image":[{"width":660,"height":495,"url":"https:\/\/cocemfevalencia.org\/wp-content\/uploads\/2018\/09\/8-1-1.jpg","type":"image\/jpeg"}],"author":"COCEMFE VALENCIA","twitter_card":"summary_large_image","twitter_creator":"@COCEMFEValencia","twitter_site":"@COCEMFEValencia","twitter_misc":{"Escrito por":"COCEMFE VALENCIA","Tiempo de lectura":"1 minuto"},"schema":{"@context":"https:\/\/schema.org","@graph":[{"@type":"Article","@id":"https:\/\/cocemfevalencia.org\/es\/cocemfe-valencia-sigue-prestando-el-servicio-de-terapia-ocupacional-durante-2018\/#article","isPartOf":{"@id":"https:\/\/cocemfevalencia.org\/es\/cocemfe-valencia-sigue-prestando-el-servicio-de-terapia-ocupacional-durante-2018\/"},"author":{"name":"COCEMFE VALENCIA","@id":"https:\/\/cocemfevalencia.org\/es\/#\/schema\/person\/e31a24227ccbc918e2c80add51990ad7"},"headline":"COCEMFE VALENCIA sigue prestando el servicio de Terapia Ocupacional durante 2018","datePublished":"2018-09-13T09:03:11+00:00","mainEntityOfPage":{"@id":"https:\/\/cocemfevalencia.org\/es\/cocemfe-valencia-sigue-prestando-el-servicio-de-terapia-ocupacional-durante-2018\/"},"wordCount":169,"commentCount":0,"publisher":{"@id":"https:\/\/cocemfevalencia.org\/es\/#organization"},"image":{"@id":"https:\/\/cocemfevalencia.org\/es\/cocemfe-valencia-sigue-prestando-el-servicio-de-terapia-ocupacional-durante-2018\/#primaryimage"},"thumbnailUrl":"https:\/\/cocemfevalencia.org\/wp-content\/uploads\/2018\/09\/8-1-1.jpg","articleSection":["Not\u00edcies"],"inLanguage":"es","potentialAction":[{"@type":"CommentAction","name":"Comment","target":["https:\/\/cocemfevalencia.org\/es\/cocemfe-valencia-sigue-prestando-el-servicio-de-terapia-ocupacional-durante-2018\/#respond"]}]},{"@type":"WebPage","@id":"https:\/\/cocemfevalencia.org\/es\/cocemfe-valencia-sigue-prestando-el-servicio-de-terapia-ocupacional-durante-2018\/","url":"https:\/\/cocemfevalencia.org\/es\/cocemfe-valencia-sigue-prestando-el-servicio-de-terapia-ocupacional-durante-2018\/","name":"COCEMFE VALENCIA sigue prestando el servicio de Terapia Ocupacional durante 2018 - Cocemfe Valencia","isPartOf":{"@id":"https:\/\/cocemfevalencia.org\/es\/#website"},"primaryImageOfPage":{"@id":"https:\/\/cocemfevalencia.org\/es\/cocemfe-valencia-sigue-prestando-el-servicio-de-terapia-ocupacional-durante-2018\/#primaryimage"},"image":{"@id":"https:\/\/cocemfevalencia.org\/es\/cocemfe-valencia-sigue-prestando-el-servicio-de-terapia-ocupacional-durante-2018\/#primaryimage"},"thumbnailUrl":"https:\/\/cocemfevalencia.org\/wp-content\/uploads\/2018\/09\/8-1-1.jpg","datePublished":"2018-09-13T09:03:11+00:00","breadcrumb":{"@id":"https:\/\/cocemfevalencia.org\/es\/cocemfe-valencia-sigue-prestando-el-servicio-de-terapia-ocupacional-durante-2018\/#breadcrumb"},"inLanguage":"es","potentialAction":[{"@type":"ReadAction","target":["https:\/\/cocemfevalencia.org\/es\/cocemfe-valencia-sigue-prestando-el-servicio-de-terapia-ocupacional-durante-2018\/"]}]},{"@type":"ImageObject","inLanguage":"es","@id":"https:\/\/cocemfevalencia.org\/es\/cocemfe-valencia-sigue-prestando-el-servicio-de-terapia-ocupacional-durante-2018\/#primaryimage","url":"https:\/\/cocemfevalencia.org\/wp-content\/uploads\/2018\/09\/8-1-1.jpg","contentUrl":"https:\/\/cocemfevalencia.org\/wp-content\/uploads\/2018\/09\/8-1-1.jpg","width":660,"height":495},{"@type":"BreadcrumbList","@id":"https:\/\/cocemfevalencia.org\/es\/cocemfe-valencia-sigue-prestando-el-servicio-de-terapia-ocupacional-durante-2018\/#breadcrumb","itemListElement":[{"@type":"ListItem","position":1,"name":"Portada","item":"https:\/\/cocemfevalencia.org\/es\/"},{"@type":"ListItem","position":2,"name":"COCEMFE VALENCIA sigue prestando el servicio de Terapia Ocupacional durante 2018"}]},{"@type":"WebSite","@id":"https:\/\/cocemfevalencia.org\/es\/#website","url":"https:\/\/cocemfevalencia.org\/es\/","name":"Cocemfe Valencia","description":"FEDERACI\u00d3N DE ASOCIACIONES DE PERSONAS CON DISCAPACIDAD F\u00cdSICA Y ORG\u00c1NICA DE LA PROV\u00cdNCIA DE VALENCIA","publisher":{"@id":"https:\/\/cocemfevalencia.org\/es\/#organization"},"potentialAction":[{"@type":"SearchAction","target":{"@type":"EntryPoint","urlTemplate":"https:\/\/cocemfevalencia.org\/es\/?s={search_term_string}"},"query-input":{"@type":"PropertyValueSpecification","valueRequired":true,"valueName":"search_term_string"}}],"inLanguage":"es"},{"@type":"Organization","@id":"https:\/\/cocemfevalencia.org\/es\/#organization","name":"Cocemfe Valencia","url":"https:\/\/cocemfevalencia.org\/es\/","logo":{"@type":"ImageObject","inLanguage":"es","@id":"https:\/\/cocemfevalencia.org\/es\/#\/schema\/logo\/image\/","url":"https:\/\/cocemfevalencia.org\/wp-content\/uploads\/2023\/03\/0312-Horizontal-una-linea-larga-rgb-positivo-Tricolor.png","contentUrl":"https:\/\/cocemfevalencia.org\/wp-content\/uploads\/2023\/03\/0312-Horizontal-una-linea-larga-rgb-positivo-Tricolor.png","width":2334,"height":613,"caption":"Cocemfe Valencia"},"image":{"@id":"https:\/\/cocemfevalencia.org\/es\/#\/schema\/logo\/image\/"},"sameAs":["https:\/\/www.facebook.com\/cocemfe.valencia","https:\/\/x.com\/COCEMFEValencia"]},{"@type":"Person","@id":"https:\/\/cocemfevalencia.org\/es\/#\/schema\/person\/e31a24227ccbc918e2c80add51990ad7","name":"COCEMFE VALENCIA","image":{"@type":"ImageObject","inLanguage":"es","@id":"https:\/\/secure.gravatar.com\/avatar\/81dd2ced4591577d70433bbfde65ba3f931e09f5cb4ca8c890817c47789b47f0?s=96&d=mm&r=g","url":"https:\/\/secure.gravatar.com\/avatar\/81dd2ced4591577d70433bbfde65ba3f931e09f5cb4ca8c890817c47789b47f0?s=96&d=mm&r=g","contentUrl":"https:\/\/secure.gravatar.com\/avatar\/81dd2ced4591577d70433bbfde65ba3f931e09f5cb4ca8c890817c47789b47f0?s=96&d=mm&r=g","caption":"COCEMFE VALENCIA"}}]}},"_links":{"self":[{"href":"https:\/\/cocemfevalencia.org\/es\/wp-json\/wp\/v2\/posts\/6320","targetHints":{"allow":["GET"]}}],"collection":[{"href":"https:\/\/cocemfevalencia.org\/es\/wp-json\/wp\/v2\/posts"}],"about":[{"href":"https:\/\/cocemfevalencia.org\/es\/wp-json\/wp\/v2\/types\/post"}],"author":[{"embeddable":true,"href":"https:\/\/cocemfevalencia.org\/es\/wp-json\/wp\/v2\/users\/3"}],"replies":[{"embeddable":true,"href":"https:\/\/cocemfevalencia.org\/es\/wp-json\/wp\/v2\/comments?post=6320"}],"version-history":[{"count":0,"href":"https:\/\/cocemfevalencia.org\/es\/wp-json\/wp\/v2\/posts\/6320\/revisions"}],"wp:featuredmedia":[{"embeddable":true,"href":"https:\/\/cocemfevalencia.org\/es\/wp-json\/wp\/v2\/media\/1758"}],"wp:attachment":[{"href":"https:\/\/cocemfevalencia.org\/es\/wp-json\/wp\/v2\/media?parent=6320"}],"wp:term":[{"taxonomy":"category","embeddable":true,"href":"https:\/\/cocemfevalencia.org\/es\/wp-json\/wp\/v2\/categories?post=6320"},{"taxonomy":"post_tag","embeddable":true,"href":"https:\/\/cocemfevalencia.org\/es\/wp-json\/wp\/v2\/tags?post=6320"}],"curies":[{"name":"wp","href":"https:\/\/api.w.org\/{rel}","templated":true}]}}