{"id":6324,"date":"2021-04-01T12:24:53","date_gmt":"2021-04-01T10:24:53","guid":{"rendered":"http:\/\/cocemfevalencia.org\/?p=5025"},"modified":"2021-04-01T12:24:53","modified_gmt":"2021-04-01T10:24:53","slug":"setmana-de-formacio-online-en-els-nostres-programes-ditineraris-individualitzats-per-a-persones-amb-discapacitat","status":"publish","type":"post","link":"https:\/\/cocemfevalencia.org\/es\/setmana-de-formacio-online-en-els-nostres-programes-ditineraris-individualitzats-per-a-persones-amb-discapacitat\/","title":{"rendered":"Setmana de Formaci\u00f3 Online en els nostres programes d&#8217;itineraris individualitzats per a persones amb discapacitat"},"content":{"rendered":"\t\t<div data-elementor-type=\"wp-post\" data-elementor-id=\"6324\" class=\"elementor elementor-6324\" data-elementor-post-type=\"post\">\n\t\t\t\t\t\t<section class=\"elementor-section elementor-top-section elementor-element elementor-element-9214dfd elementor-section-boxed elementor-section-height-default elementor-section-height-default\" data-id=\"9214dfd\" data-element_type=\"section\" data-e-type=\"section\">\n\t\t\t\t\t\t<div class=\"elementor-container elementor-column-gap-default\">\n\t\t\t\t\t<div class=\"elementor-column elementor-col-50 elementor-top-column elementor-element elementor-element-daa0a62\" data-id=\"daa0a62\" data-element_type=\"column\" data-e-type=\"column\">\n\t\t\t<div class=\"elementor-widget-wrap elementor-element-populated\">\n\t\t\t\t\t\t<div class=\"elementor-element elementor-element-9272747 elementor-widget elementor-widget-image\" data-id=\"9272747\" data-element_type=\"widget\" data-e-type=\"widget\" data-widget_type=\"image.default\">\n\t\t\t\t<div class=\"elementor-widget-container\">\n\t\t\t\t\t\t\t\t\t\t\t\t\t\t\t<img fetchpriority=\"high\" decoding=\"async\" width=\"398\" height=\"530\" src=\"https:\/\/cocemfevalencia.org\/wp-content\/uploads\/2021\/03\/mot1-e1617106477136-1.jpg\" class=\"attachment-large size-large wp-image-5028\" alt=\"\" srcset=\"https:\/\/cocemfevalencia.org\/wp-content\/uploads\/2021\/03\/mot1-e1617106477136-1.jpg 398w, https:\/\/cocemfevalencia.org\/wp-content\/uploads\/2021\/03\/mot1-e1617106477136-1-225x300.jpg 225w\" sizes=\"(max-width: 398px) 100vw, 398px\" \/>\t\t\t\t\t\t\t\t\t\t\t\t\t\t\t<\/div>\n\t\t\t\t<\/div>\n\t\t\t\t\t<\/div>\n\t\t<\/div>\n\t\t\t\t<div class=\"elementor-column elementor-col-50 elementor-top-column elementor-element elementor-element-71778c7\" data-id=\"71778c7\" data-element_type=\"column\" data-e-type=\"column\">\n\t\t\t<div class=\"elementor-widget-wrap elementor-element-populated\">\n\t\t\t\t\t\t<div class=\"elementor-element elementor-element-f072b0a elementor-widget elementor-widget-text-editor\" data-id=\"f072b0a\" data-element_type=\"widget\" data-e-type=\"widget\" data-widget_type=\"text-editor.default\">\n\t\t\t\t<div class=\"elementor-widget-container\">\n\t\t\t\t\t\t\t\t\t<p>El servei d&#8217;integraci\u00f3 laboral de COCEMFE Val\u00e8ncia ha iniciat els tallers grupals de millora d&#8217;ocupabilitat dins dels nostres programes d&#8217;Itineraris individualitzats per a persones amb discapacitat.<br \/><br \/>Aquestes dues \u00faltimes setmanes hem impartit cursos en modalitat en l\u00ednia on les persones benefici\u00e0ries del programa, han pogut treballar l&#8217;autoconeixement i objectiu professional com a punts de partida per a la cerca d&#8217;ocupaci\u00f3. Ens hem acostat al mercat laboral per a con\u00e9ixer la situaci\u00f3 actual d&#8217;aquest, les vies d&#8217;acc\u00e9s i les compet\u00e8ncies m\u00e9s valorades per les empreses. I s&#8217;han facilitat les claus per a tindre unes eines adequades per a buscar una ocupaci\u00f3<br \/><br \/>En les pr\u00f2ximes setmanes, es continuar\u00e0 aprofundint en temes relacionats amb la cerca d&#8217;una oportunitat laboral i el proc\u00e9s de selecci\u00f3. La setmana que ve s&#8217;impartiran dos tallers presencials sobre Recursos 2.0 de cerca activa d&#8217;ocupaci\u00f3. Des de COCEMFE Val\u00e8ncia garantim la seguretat aplicant protocols anti-covid.<\/p>\t\t\t\t\t\t\t\t<\/div>\n\t\t\t\t<\/div>\n\t\t\t\t\t<\/div>\n\t\t<\/div>\n\t\t\t\t\t<\/div>\n\t\t<\/section>\n\t\t\t\t<section class=\"elementor-section elementor-top-section elementor-element elementor-element-e5d0a3b elementor-section-boxed elementor-section-height-default elementor-section-height-default\" data-id=\"e5d0a3b\" data-element_type=\"section\" data-e-type=\"section\">\n\t\t\t\t\t\t<div class=\"elementor-container elementor-column-gap-default\">\n\t\t\t\t\t<div class=\"elementor-column elementor-col-100 elementor-top-column elementor-element elementor-element-8677388\" data-id=\"8677388\" data-element_type=\"column\" data-e-type=\"column\">\n\t\t\t<div class=\"elementor-widget-wrap elementor-element-populated\">\n\t\t\t\t\t\t<div class=\"elementor-element elementor-element-642f860 elementor-widget elementor-widget-spacer\" data-id=\"642f860\" data-element_type=\"widget\" data-e-type=\"widget\" data-widget_type=\"spacer.default\">\n\t\t\t\t<div class=\"elementor-widget-container\">\n\t\t\t\t\t\t\t<div class=\"elementor-spacer\">\n\t\t\t<div class=\"elementor-spacer-inner\"><\/div>\n\t\t<\/div>\n\t\t\t\t\t\t<\/div>\n\t\t\t\t<\/div>\n\t\t\t\t\t<\/div>\n\t\t<\/div>\n\t\t\t\t\t<\/div>\n\t\t<\/section>\n\t\t\t\t<section class=\"elementor-section elementor-top-section elementor-element elementor-element-b7b94c6 elementor-section-boxed elementor-section-height-default elementor-section-height-default\" data-id=\"b7b94c6\" data-element_type=\"section\" data-e-type=\"section\">\n\t\t\t\t\t\t<div class=\"elementor-container elementor-column-gap-default\">\n\t\t\t\t\t<div class=\"elementor-column elementor-col-100 elementor-top-column elementor-element elementor-element-2dffb18\" data-id=\"2dffb18\" data-element_type=\"column\" data-e-type=\"column\">\n\t\t\t<div class=\"elementor-widget-wrap elementor-element-populated\">\n\t\t\t\t\t\t<div class=\"elementor-element elementor-element-abb3d46 elementor-widget elementor-widget-text-editor\" data-id=\"abb3d46\" data-element_type=\"widget\" data-e-type=\"widget\" data-widget_type=\"text-editor.default\">\n\t\t\t\t<div class=\"elementor-widget-container\">\n\t\t\t\t\t\t\t\t\t<p>Aquest projecte s\u2019executar\u00e0 gr\u00e0cies a la subvenci\u00f3\u00a0 procedent de la 7a Convocat\u00f2ria de Fundaci\u00f3 Bancaixa i Bankia CAPACES, dirigida a persones amb capacitats diferents a la Comunitat Valenciana i que t\u00e9 com a objectiu contribuir a una societat m\u00e9s justa i en igualtat d\u2019oportunitats.<\/p><p>I gr\u00e0cies a\u00a0la Conselleria d\u2019Igualtat i Pol\u00edtiques Inclusives, a trav\u00e9s de la convocat\u00f2ria de programes d\u2019inter\u00e9s general de l\u2019assignaci\u00f3 tribut\u00e0ria del 0,7 % de l\u2019Impost sobre la Renda de les Persones F\u00edsiques en la Comunitat Valenciana.<\/p>\t\t\t\t\t\t\t\t<\/div>\n\t\t\t\t<\/div>\n\t\t\t\t\t<\/div>\n\t\t<\/div>\n\t\t\t\t\t<\/div>\n\t\t<\/section>\n\t\t\t\t<section class=\"elementor-section elementor-top-section elementor-element elementor-element-e9461a9 elementor-section-boxed elementor-section-height-default elementor-section-height-default\" data-id=\"e9461a9\" data-element_type=\"section\" data-e-type=\"section\">\n\t\t\t\t\t\t<div class=\"elementor-container elementor-column-gap-default\">\n\t\t\t\t\t<div class=\"elementor-column elementor-col-100 elementor-top-column elementor-element elementor-element-dfa4e40\" data-id=\"dfa4e40\" data-element_type=\"column\" data-e-type=\"column\">\n\t\t\t<div class=\"elementor-widget-wrap elementor-element-populated\">\n\t\t\t\t\t\t<div class=\"elementor-element elementor-element-f50824e elementor-widget elementor-widget-image\" data-id=\"f50824e\" data-element_type=\"widget\" data-e-type=\"widget\" data-widget_type=\"image.default\">\n\t\t\t\t<div class=\"elementor-widget-container\">\n\t\t\t\t\t\t\t\t\t\t\t\t\t\t\t<img decoding=\"async\" width=\"644\" height=\"59\" src=\"https:\/\/cocemfevalencia.org\/wp-content\/uploads\/2021\/04\/logos-itinerarios-21.png\" class=\"attachment-1536x1536 size-1536x1536 wp-image-5038\" alt=\"\" srcset=\"https:\/\/cocemfevalencia.org\/wp-content\/uploads\/2021\/04\/logos-itinerarios-21.png 644w, https:\/\/cocemfevalencia.org\/wp-content\/uploads\/2021\/04\/logos-itinerarios-21-300x27.png 300w\" sizes=\"(max-width: 644px) 100vw, 644px\" \/>\t\t\t\t\t\t\t\t\t\t\t\t\t\t\t<\/div>\n\t\t\t\t<\/div>\n\t\t\t\t\t<\/div>\n\t\t<\/div>\n\t\t\t\t\t<\/div>\n\t\t<\/section>\n\t\t\t\t<\/div>\n\t\t<p>Visitas: 0<\/p>","protected":false},"excerpt":{"rendered":"<p>El servei d&#8217;integraci\u00f3 laboral de COCEMFE Val\u00e8ncia ha iniciat els tallers grupals de millora d&#8217;ocupabilitat dins dels nostres programes d&#8217;Itineraris individualitzats per a persones amb discapacitat. Aquestes dues \u00faltimes setmanes hem impartit cursos en modalitat en l\u00ednia on les persones benefici\u00e0ries del programa, han pogut treballar l&#8217;autoconeixement i objectiu professional com a punts de partida&hellip;&nbsp;<a href=\"https:\/\/cocemfevalencia.org\/es\/setmana-de-formacio-online-en-els-nostres-programes-ditineraris-individualitzats-per-a-persones-amb-discapacitat\/\" rel=\"bookmark\">Leer m\u00e1s &raquo;<span class=\"screen-reader-text\">Setmana de Formaci\u00f3 Online en els nostres programes d&#8217;itineraris individualitzats per a persones amb discapacitat<\/span><\/a><\/p>\n","protected":false},"author":3,"featured_media":5026,"comment_status":"closed","ping_status":"closed","sticky":false,"template":"","format":"standard","meta":{"rop_custom_images_group":[],"rop_custom_messages_group":[],"rop_publish_now":"initial","rop_publish_now_accounts":[],"rop_publish_now_history":[],"rop_publish_now_status":"pending","neve_meta_sidebar":"","neve_meta_container":"","neve_meta_enable_content_width":"","neve_meta_content_width":0,"neve_meta_title_alignment":"","neve_meta_author_avatar":"","neve_post_elements_order":"","neve_meta_disable_header":"","neve_meta_disable_footer":"","neve_meta_disable_title":"","footnotes":""},"categories":[5],"tags":[],"class_list":["post-6324","post","type-post","status-publish","format-standard","has-post-thumbnail","hentry","category-noticias"],"yoast_head":"<!-- This site is optimized with the Yoast SEO plugin v27.3 - https:\/\/yoast.com\/product\/yoast-seo-wordpress\/ -->\n<title>Setmana de Formaci\u00f3 Online en els nostres programes d&#039;itineraris individualitzats per a persones amb discapacitat - Cocemfe Valencia<\/title>\n<meta name=\"robots\" content=\"index, follow, max-snippet:-1, max-image-preview:large, max-video-preview:-1\" \/>\n<link rel=\"canonical\" href=\"https:\/\/cocemfevalencia.org\/es\/setmana-de-formacio-online-en-els-nostres-programes-ditineraris-individualitzats-per-a-persones-amb-discapacitat\/\" \/>\n<meta property=\"og:locale\" content=\"es_ES\" \/>\n<meta property=\"og:type\" content=\"article\" \/>\n<meta property=\"og:title\" content=\"Setmana de Formaci\u00f3 Online en els nostres programes d&#039;itineraris individualitzats per a persones amb discapacitat - Cocemfe Valencia\" \/>\n<meta property=\"og:description\" content=\"El servei d&#8217;integraci\u00f3 laboral de COCEMFE Val\u00e8ncia ha iniciat els tallers grupals de millora d&#8217;ocupabilitat dins dels nostres programes d&#8217;Itineraris individualitzats per a persones amb discapacitat. Aquestes dues \u00faltimes setmanes hem impartit cursos en modalitat en l\u00ednia on les persones benefici\u00e0ries del programa, han pogut treballar l&#8217;autoconeixement i objectiu professional com a punts de partida&hellip;&nbsp;Leer m\u00e1s &raquo;Setmana de Formaci\u00f3 Online en els nostres programes d&#8217;itineraris individualitzats per a persones amb discapacitat\" \/>\n<meta property=\"og:url\" content=\"https:\/\/cocemfevalencia.org\/es\/setmana-de-formacio-online-en-els-nostres-programes-ditineraris-individualitzats-per-a-persones-amb-discapacitat\/\" \/>\n<meta property=\"og:site_name\" content=\"Cocemfe Valencia\" \/>\n<meta property=\"article:publisher\" content=\"https:\/\/www.facebook.com\/cocemfe.valencia\" \/>\n<meta property=\"article:published_time\" content=\"2021-04-01T10:24:53+00:00\" \/>\n<meta property=\"og:image\" content=\"https:\/\/cocemfevalencia.org\/wp-content\/uploads\/2021\/03\/apip2-1.jpg\" \/>\n\t<meta property=\"og:image:width\" content=\"611\" \/>\n\t<meta property=\"og:image:height\" content=\"343\" \/>\n\t<meta property=\"og:image:type\" content=\"image\/jpeg\" \/>\n<meta name=\"author\" content=\"COCEMFE VALENCIA\" \/>\n<meta name=\"twitter:card\" content=\"summary_large_image\" \/>\n<meta name=\"twitter:creator\" content=\"@COCEMFEValencia\" \/>\n<meta name=\"twitter:site\" content=\"@COCEMFEValencia\" \/>\n<meta name=\"twitter:label1\" content=\"Escrito por\" \/>\n\t<meta name=\"twitter:data1\" content=\"COCEMFE VALENCIA\" \/>\n\t<meta name=\"twitter:label2\" content=\"Tiempo de lectura\" \/>\n\t<meta name=\"twitter:data2\" content=\"1 minuto\" \/>\n<script type=\"application\/ld+json\" class=\"yoast-schema-graph\">{\"@context\":\"https:\\\/\\\/schema.org\",\"@graph\":[{\"@type\":\"Article\",\"@id\":\"https:\\\/\\\/cocemfevalencia.org\\\/es\\\/setmana-de-formacio-online-en-els-nostres-programes-ditineraris-individualitzats-per-a-persones-amb-discapacitat\\\/#article\",\"isPartOf\":{\"@id\":\"https:\\\/\\\/cocemfevalencia.org\\\/es\\\/setmana-de-formacio-online-en-els-nostres-programes-ditineraris-individualitzats-per-a-persones-amb-discapacitat\\\/\"},\"author\":{\"name\":\"COCEMFE VALENCIA\",\"@id\":\"https:\\\/\\\/cocemfevalencia.org\\\/es\\\/#\\\/schema\\\/person\\\/e31a24227ccbc918e2c80add51990ad7\"},\"headline\":\"Setmana de Formaci\u00f3 Online en els nostres programes d&#8217;itineraris individualitzats per a persones amb discapacitat\",\"datePublished\":\"2021-04-01T10:24:53+00:00\",\"mainEntityOfPage\":{\"@id\":\"https:\\\/\\\/cocemfevalencia.org\\\/es\\\/setmana-de-formacio-online-en-els-nostres-programes-ditineraris-individualitzats-per-a-persones-amb-discapacitat\\\/\"},\"wordCount\":265,\"publisher\":{\"@id\":\"https:\\\/\\\/cocemfevalencia.org\\\/es\\\/#organization\"},\"image\":{\"@id\":\"https:\\\/\\\/cocemfevalencia.org\\\/es\\\/setmana-de-formacio-online-en-els-nostres-programes-ditineraris-individualitzats-per-a-persones-amb-discapacitat\\\/#primaryimage\"},\"thumbnailUrl\":\"https:\\\/\\\/cocemfevalencia.org\\\/wp-content\\\/uploads\\\/2021\\\/03\\\/apip2-1.jpg\",\"articleSection\":[\"Not\u00edcies\"],\"inLanguage\":\"es\"},{\"@type\":\"WebPage\",\"@id\":\"https:\\\/\\\/cocemfevalencia.org\\\/es\\\/setmana-de-formacio-online-en-els-nostres-programes-ditineraris-individualitzats-per-a-persones-amb-discapacitat\\\/\",\"url\":\"https:\\\/\\\/cocemfevalencia.org\\\/es\\\/setmana-de-formacio-online-en-els-nostres-programes-ditineraris-individualitzats-per-a-persones-amb-discapacitat\\\/\",\"name\":\"Setmana de Formaci\u00f3 Online en els nostres programes d'itineraris individualitzats per a persones amb discapacitat - Cocemfe Valencia\",\"isPartOf\":{\"@id\":\"https:\\\/\\\/cocemfevalencia.org\\\/es\\\/#website\"},\"primaryImageOfPage\":{\"@id\":\"https:\\\/\\\/cocemfevalencia.org\\\/es\\\/setmana-de-formacio-online-en-els-nostres-programes-ditineraris-individualitzats-per-a-persones-amb-discapacitat\\\/#primaryimage\"},\"image\":{\"@id\":\"https:\\\/\\\/cocemfevalencia.org\\\/es\\\/setmana-de-formacio-online-en-els-nostres-programes-ditineraris-individualitzats-per-a-persones-amb-discapacitat\\\/#primaryimage\"},\"thumbnailUrl\":\"https:\\\/\\\/cocemfevalencia.org\\\/wp-content\\\/uploads\\\/2021\\\/03\\\/apip2-1.jpg\",\"datePublished\":\"2021-04-01T10:24:53+00:00\",\"breadcrumb\":{\"@id\":\"https:\\\/\\\/cocemfevalencia.org\\\/es\\\/setmana-de-formacio-online-en-els-nostres-programes-ditineraris-individualitzats-per-a-persones-amb-discapacitat\\\/#breadcrumb\"},\"inLanguage\":\"es\",\"potentialAction\":[{\"@type\":\"ReadAction\",\"target\":[\"https:\\\/\\\/cocemfevalencia.org\\\/es\\\/setmana-de-formacio-online-en-els-nostres-programes-ditineraris-individualitzats-per-a-persones-amb-discapacitat\\\/\"]}]},{\"@type\":\"ImageObject\",\"inLanguage\":\"es\",\"@id\":\"https:\\\/\\\/cocemfevalencia.org\\\/es\\\/setmana-de-formacio-online-en-els-nostres-programes-ditineraris-individualitzats-per-a-persones-amb-discapacitat\\\/#primaryimage\",\"url\":\"https:\\\/\\\/cocemfevalencia.org\\\/wp-content\\\/uploads\\\/2021\\\/03\\\/apip2-1.jpg\",\"contentUrl\":\"https:\\\/\\\/cocemfevalencia.org\\\/wp-content\\\/uploads\\\/2021\\\/03\\\/apip2-1.jpg\",\"width\":611,\"height\":343},{\"@type\":\"BreadcrumbList\",\"@id\":\"https:\\\/\\\/cocemfevalencia.org\\\/es\\\/setmana-de-formacio-online-en-els-nostres-programes-ditineraris-individualitzats-per-a-persones-amb-discapacitat\\\/#breadcrumb\",\"itemListElement\":[{\"@type\":\"ListItem\",\"position\":1,\"name\":\"Portada\",\"item\":\"https:\\\/\\\/cocemfevalencia.org\\\/es\\\/\"},{\"@type\":\"ListItem\",\"position\":2,\"name\":\"Setmana de Formaci\u00f3 Online en els nostres programes d&#8217;itineraris individualitzats per a persones amb discapacitat\"}]},{\"@type\":\"WebSite\",\"@id\":\"https:\\\/\\\/cocemfevalencia.org\\\/es\\\/#website\",\"url\":\"https:\\\/\\\/cocemfevalencia.org\\\/es\\\/\",\"name\":\"Cocemfe Valencia\",\"description\":\"FEDERACI\u00d3N DE ASOCIACIONES DE PERSONAS CON DISCAPACIDAD F\u00cdSICA Y ORG\u00c1NICA DE LA PROV\u00cdNCIA DE VALENCIA\",\"publisher\":{\"@id\":\"https:\\\/\\\/cocemfevalencia.org\\\/es\\\/#organization\"},\"potentialAction\":[{\"@type\":\"SearchAction\",\"target\":{\"@type\":\"EntryPoint\",\"urlTemplate\":\"https:\\\/\\\/cocemfevalencia.org\\\/es\\\/?s={search_term_string}\"},\"query-input\":{\"@type\":\"PropertyValueSpecification\",\"valueRequired\":true,\"valueName\":\"search_term_string\"}}],\"inLanguage\":\"es\"},{\"@type\":\"Organization\",\"@id\":\"https:\\\/\\\/cocemfevalencia.org\\\/es\\\/#organization\",\"name\":\"Cocemfe Valencia\",\"url\":\"https:\\\/\\\/cocemfevalencia.org\\\/es\\\/\",\"logo\":{\"@type\":\"ImageObject\",\"inLanguage\":\"es\",\"@id\":\"https:\\\/\\\/cocemfevalencia.org\\\/es\\\/#\\\/schema\\\/logo\\\/image\\\/\",\"url\":\"https:\\\/\\\/cocemfevalencia.org\\\/wp-content\\\/uploads\\\/2023\\\/03\\\/0312-Horizontal-una-linea-larga-rgb-positivo-Tricolor.png\",\"contentUrl\":\"https:\\\/\\\/cocemfevalencia.org\\\/wp-content\\\/uploads\\\/2023\\\/03\\\/0312-Horizontal-una-linea-larga-rgb-positivo-Tricolor.png\",\"width\":2334,\"height\":613,\"caption\":\"Cocemfe Valencia\"},\"image\":{\"@id\":\"https:\\\/\\\/cocemfevalencia.org\\\/es\\\/#\\\/schema\\\/logo\\\/image\\\/\"},\"sameAs\":[\"https:\\\/\\\/www.facebook.com\\\/cocemfe.valencia\",\"https:\\\/\\\/x.com\\\/COCEMFEValencia\"]},{\"@type\":\"Person\",\"@id\":\"https:\\\/\\\/cocemfevalencia.org\\\/es\\\/#\\\/schema\\\/person\\\/e31a24227ccbc918e2c80add51990ad7\",\"name\":\"COCEMFE VALENCIA\",\"image\":{\"@type\":\"ImageObject\",\"inLanguage\":\"es\",\"@id\":\"https:\\\/\\\/secure.gravatar.com\\\/avatar\\\/81dd2ced4591577d70433bbfde65ba3f931e09f5cb4ca8c890817c47789b47f0?s=96&d=mm&r=g\",\"url\":\"https:\\\/\\\/secure.gravatar.com\\\/avatar\\\/81dd2ced4591577d70433bbfde65ba3f931e09f5cb4ca8c890817c47789b47f0?s=96&d=mm&r=g\",\"contentUrl\":\"https:\\\/\\\/secure.gravatar.com\\\/avatar\\\/81dd2ced4591577d70433bbfde65ba3f931e09f5cb4ca8c890817c47789b47f0?s=96&d=mm&r=g\",\"caption\":\"COCEMFE VALENCIA\"}}]}<\/script>\n<!-- \/ Yoast SEO plugin. -->","yoast_head_json":{"title":"Setmana de Formaci\u00f3 Online en els nostres programes d'itineraris individualitzats per a persones amb discapacitat - Cocemfe Valencia","robots":{"index":"index","follow":"follow","max-snippet":"max-snippet:-1","max-image-preview":"max-image-preview:large","max-video-preview":"max-video-preview:-1"},"canonical":"https:\/\/cocemfevalencia.org\/es\/setmana-de-formacio-online-en-els-nostres-programes-ditineraris-individualitzats-per-a-persones-amb-discapacitat\/","og_locale":"es_ES","og_type":"article","og_title":"Setmana de Formaci\u00f3 Online en els nostres programes d'itineraris individualitzats per a persones amb discapacitat - Cocemfe Valencia","og_description":"El servei d&#8217;integraci\u00f3 laboral de COCEMFE Val\u00e8ncia ha iniciat els tallers grupals de millora d&#8217;ocupabilitat dins dels nostres programes d&#8217;Itineraris individualitzats per a persones amb discapacitat. Aquestes dues \u00faltimes setmanes hem impartit cursos en modalitat en l\u00ednia on les persones benefici\u00e0ries del programa, han pogut treballar l&#8217;autoconeixement i objectiu professional com a punts de partida&hellip;&nbsp;Leer m\u00e1s &raquo;Setmana de Formaci\u00f3 Online en els nostres programes d&#8217;itineraris individualitzats per a persones amb discapacitat","og_url":"https:\/\/cocemfevalencia.org\/es\/setmana-de-formacio-online-en-els-nostres-programes-ditineraris-individualitzats-per-a-persones-amb-discapacitat\/","og_site_name":"Cocemfe Valencia","article_publisher":"https:\/\/www.facebook.com\/cocemfe.valencia","article_published_time":"2021-04-01T10:24:53+00:00","og_image":[{"width":611,"height":343,"url":"https:\/\/cocemfevalencia.org\/wp-content\/uploads\/2021\/03\/apip2-1.jpg","type":"image\/jpeg"}],"author":"COCEMFE VALENCIA","twitter_card":"summary_large_image","twitter_creator":"@COCEMFEValencia","twitter_site":"@COCEMFEValencia","twitter_misc":{"Escrito por":"COCEMFE VALENCIA","Tiempo de lectura":"1 minuto"},"schema":{"@context":"https:\/\/schema.org","@graph":[{"@type":"Article","@id":"https:\/\/cocemfevalencia.org\/es\/setmana-de-formacio-online-en-els-nostres-programes-ditineraris-individualitzats-per-a-persones-amb-discapacitat\/#article","isPartOf":{"@id":"https:\/\/cocemfevalencia.org\/es\/setmana-de-formacio-online-en-els-nostres-programes-ditineraris-individualitzats-per-a-persones-amb-discapacitat\/"},"author":{"name":"COCEMFE VALENCIA","@id":"https:\/\/cocemfevalencia.org\/es\/#\/schema\/person\/e31a24227ccbc918e2c80add51990ad7"},"headline":"Setmana de Formaci\u00f3 Online en els nostres programes d&#8217;itineraris individualitzats per a persones amb discapacitat","datePublished":"2021-04-01T10:24:53+00:00","mainEntityOfPage":{"@id":"https:\/\/cocemfevalencia.org\/es\/setmana-de-formacio-online-en-els-nostres-programes-ditineraris-individualitzats-per-a-persones-amb-discapacitat\/"},"wordCount":265,"publisher":{"@id":"https:\/\/cocemfevalencia.org\/es\/#organization"},"image":{"@id":"https:\/\/cocemfevalencia.org\/es\/setmana-de-formacio-online-en-els-nostres-programes-ditineraris-individualitzats-per-a-persones-amb-discapacitat\/#primaryimage"},"thumbnailUrl":"https:\/\/cocemfevalencia.org\/wp-content\/uploads\/2021\/03\/apip2-1.jpg","articleSection":["Not\u00edcies"],"inLanguage":"es"},{"@type":"WebPage","@id":"https:\/\/cocemfevalencia.org\/es\/setmana-de-formacio-online-en-els-nostres-programes-ditineraris-individualitzats-per-a-persones-amb-discapacitat\/","url":"https:\/\/cocemfevalencia.org\/es\/setmana-de-formacio-online-en-els-nostres-programes-ditineraris-individualitzats-per-a-persones-amb-discapacitat\/","name":"Setmana de Formaci\u00f3 Online en els nostres programes d'itineraris individualitzats per a persones amb discapacitat - Cocemfe Valencia","isPartOf":{"@id":"https:\/\/cocemfevalencia.org\/es\/#website"},"primaryImageOfPage":{"@id":"https:\/\/cocemfevalencia.org\/es\/setmana-de-formacio-online-en-els-nostres-programes-ditineraris-individualitzats-per-a-persones-amb-discapacitat\/#primaryimage"},"image":{"@id":"https:\/\/cocemfevalencia.org\/es\/setmana-de-formacio-online-en-els-nostres-programes-ditineraris-individualitzats-per-a-persones-amb-discapacitat\/#primaryimage"},"thumbnailUrl":"https:\/\/cocemfevalencia.org\/wp-content\/uploads\/2021\/03\/apip2-1.jpg","datePublished":"2021-04-01T10:24:53+00:00","breadcrumb":{"@id":"https:\/\/cocemfevalencia.org\/es\/setmana-de-formacio-online-en-els-nostres-programes-ditineraris-individualitzats-per-a-persones-amb-discapacitat\/#breadcrumb"},"inLanguage":"es","potentialAction":[{"@type":"ReadAction","target":["https:\/\/cocemfevalencia.org\/es\/setmana-de-formacio-online-en-els-nostres-programes-ditineraris-individualitzats-per-a-persones-amb-discapacitat\/"]}]},{"@type":"ImageObject","inLanguage":"es","@id":"https:\/\/cocemfevalencia.org\/es\/setmana-de-formacio-online-en-els-nostres-programes-ditineraris-individualitzats-per-a-persones-amb-discapacitat\/#primaryimage","url":"https:\/\/cocemfevalencia.org\/wp-content\/uploads\/2021\/03\/apip2-1.jpg","contentUrl":"https:\/\/cocemfevalencia.org\/wp-content\/uploads\/2021\/03\/apip2-1.jpg","width":611,"height":343},{"@type":"BreadcrumbList","@id":"https:\/\/cocemfevalencia.org\/es\/setmana-de-formacio-online-en-els-nostres-programes-ditineraris-individualitzats-per-a-persones-amb-discapacitat\/#breadcrumb","itemListElement":[{"@type":"ListItem","position":1,"name":"Portada","item":"https:\/\/cocemfevalencia.org\/es\/"},{"@type":"ListItem","position":2,"name":"Setmana de Formaci\u00f3 Online en els nostres programes d&#8217;itineraris individualitzats per a persones amb discapacitat"}]},{"@type":"WebSite","@id":"https:\/\/cocemfevalencia.org\/es\/#website","url":"https:\/\/cocemfevalencia.org\/es\/","name":"Cocemfe Valencia","description":"FEDERACI\u00d3N DE ASOCIACIONES DE PERSONAS CON DISCAPACIDAD F\u00cdSICA Y ORG\u00c1NICA DE LA PROV\u00cdNCIA DE VALENCIA","publisher":{"@id":"https:\/\/cocemfevalencia.org\/es\/#organization"},"potentialAction":[{"@type":"SearchAction","target":{"@type":"EntryPoint","urlTemplate":"https:\/\/cocemfevalencia.org\/es\/?s={search_term_string}"},"query-input":{"@type":"PropertyValueSpecification","valueRequired":true,"valueName":"search_term_string"}}],"inLanguage":"es"},{"@type":"Organization","@id":"https:\/\/cocemfevalencia.org\/es\/#organization","name":"Cocemfe Valencia","url":"https:\/\/cocemfevalencia.org\/es\/","logo":{"@type":"ImageObject","inLanguage":"es","@id":"https:\/\/cocemfevalencia.org\/es\/#\/schema\/logo\/image\/","url":"https:\/\/cocemfevalencia.org\/wp-content\/uploads\/2023\/03\/0312-Horizontal-una-linea-larga-rgb-positivo-Tricolor.png","contentUrl":"https:\/\/cocemfevalencia.org\/wp-content\/uploads\/2023\/03\/0312-Horizontal-una-linea-larga-rgb-positivo-Tricolor.png","width":2334,"height":613,"caption":"Cocemfe Valencia"},"image":{"@id":"https:\/\/cocemfevalencia.org\/es\/#\/schema\/logo\/image\/"},"sameAs":["https:\/\/www.facebook.com\/cocemfe.valencia","https:\/\/x.com\/COCEMFEValencia"]},{"@type":"Person","@id":"https:\/\/cocemfevalencia.org\/es\/#\/schema\/person\/e31a24227ccbc918e2c80add51990ad7","name":"COCEMFE VALENCIA","image":{"@type":"ImageObject","inLanguage":"es","@id":"https:\/\/secure.gravatar.com\/avatar\/81dd2ced4591577d70433bbfde65ba3f931e09f5cb4ca8c890817c47789b47f0?s=96&d=mm&r=g","url":"https:\/\/secure.gravatar.com\/avatar\/81dd2ced4591577d70433bbfde65ba3f931e09f5cb4ca8c890817c47789b47f0?s=96&d=mm&r=g","contentUrl":"https:\/\/secure.gravatar.com\/avatar\/81dd2ced4591577d70433bbfde65ba3f931e09f5cb4ca8c890817c47789b47f0?s=96&d=mm&r=g","caption":"COCEMFE VALENCIA"}}]}},"_links":{"self":[{"href":"https:\/\/cocemfevalencia.org\/es\/wp-json\/wp\/v2\/posts\/6324","targetHints":{"allow":["GET"]}}],"collection":[{"href":"https:\/\/cocemfevalencia.org\/es\/wp-json\/wp\/v2\/posts"}],"about":[{"href":"https:\/\/cocemfevalencia.org\/es\/wp-json\/wp\/v2\/types\/post"}],"author":[{"embeddable":true,"href":"https:\/\/cocemfevalencia.org\/es\/wp-json\/wp\/v2\/users\/3"}],"replies":[{"embeddable":true,"href":"https:\/\/cocemfevalencia.org\/es\/wp-json\/wp\/v2\/comments?post=6324"}],"version-history":[{"count":0,"href":"https:\/\/cocemfevalencia.org\/es\/wp-json\/wp\/v2\/posts\/6324\/revisions"}],"wp:featuredmedia":[{"embeddable":true,"href":"https:\/\/cocemfevalencia.org\/es\/wp-json\/wp\/v2\/media\/5026"}],"wp:attachment":[{"href":"https:\/\/cocemfevalencia.org\/es\/wp-json\/wp\/v2\/media?parent=6324"}],"wp:term":[{"taxonomy":"category","embeddable":true,"href":"https:\/\/cocemfevalencia.org\/es\/wp-json\/wp\/v2\/categories?post=6324"},{"taxonomy":"post_tag","embeddable":true,"href":"https:\/\/cocemfevalencia.org\/es\/wp-json\/wp\/v2\/tags?post=6324"}],"curies":[{"name":"wp","href":"https:\/\/api.w.org\/{rel}","templated":true}]}}