{"id":6861,"date":"2023-05-16T10:56:14","date_gmt":"2023-05-16T08:56:14","guid":{"rendered":"http:\/\/cocemfevalencia.org\/?p=6861"},"modified":"2023-05-16T10:56:14","modified_gmt":"2023-05-16T08:56:14","slug":"cicle-cultural-descobrim-2023-coratge","status":"publish","type":"post","link":"https:\/\/cocemfevalencia.org\/es\/cicle-cultural-descobrim-2023-coratge\/","title":{"rendered":"CICLE CULTURAL DESCOBRIM 2023: &#8216;CORATGE&#8217;"},"content":{"rendered":"\t\t<div data-elementor-type=\"wp-post\" data-elementor-id=\"6861\" class=\"elementor elementor-6861\" data-elementor-post-type=\"post\">\n\t\t\t\t\t\t<section class=\"elementor-section elementor-top-section elementor-element elementor-element-65dce7e0 elementor-section-boxed elementor-section-height-default elementor-section-height-default\" data-id=\"65dce7e0\" data-element_type=\"section\" data-e-type=\"section\">\n\t\t\t\t\t\t<div class=\"elementor-container elementor-column-gap-default\">\n\t\t\t\t\t<div class=\"elementor-column elementor-col-100 elementor-top-column elementor-element elementor-element-7ccbd3ce\" data-id=\"7ccbd3ce\" data-element_type=\"column\" data-e-type=\"column\">\n\t\t\t<div class=\"elementor-widget-wrap elementor-element-populated\">\n\t\t\t\t\t\t<div class=\"elementor-element elementor-element-69730f5 elementor-widget elementor-widget-image\" data-id=\"69730f5\" data-element_type=\"widget\" data-e-type=\"widget\" data-widget_type=\"image.default\">\n\t\t\t\t<div class=\"elementor-widget-container\">\n\t\t\t\t\t\t\t\t\t\t\t\t\t\t\t<img fetchpriority=\"high\" decoding=\"async\" width=\"1500\" height=\"500\" src=\"https:\/\/cocemfevalencia.org\/wp-content\/uploads\/2023\/05\/Portada_Twitter-1.jpg\" class=\"attachment-full size-full wp-image-6867\" alt=\"\" srcset=\"https:\/\/cocemfevalencia.org\/wp-content\/uploads\/2023\/05\/Portada_Twitter-1.jpg 1500w, https:\/\/cocemfevalencia.org\/wp-content\/uploads\/2023\/05\/Portada_Twitter-1-300x100.jpg 300w, https:\/\/cocemfevalencia.org\/wp-content\/uploads\/2023\/05\/Portada_Twitter-1-1024x341.jpg 1024w, https:\/\/cocemfevalencia.org\/wp-content\/uploads\/2023\/05\/Portada_Twitter-1-768x256.jpg 768w\" sizes=\"(max-width: 1500px) 100vw, 1500px\" \/>\t\t\t\t\t\t\t\t\t\t\t\t\t\t\t<\/div>\n\t\t\t\t<\/div>\n\t\t\t\t<div class=\"elementor-element elementor-element-7c023af elementor-widget-divider--view-line elementor-widget elementor-widget-divider\" data-id=\"7c023af\" data-element_type=\"widget\" data-e-type=\"widget\" data-widget_type=\"divider.default\">\n\t\t\t\t<div class=\"elementor-widget-container\">\n\t\t\t\t\t\t\t<div class=\"elementor-divider\">\n\t\t\t<span class=\"elementor-divider-separator\">\n\t\t\t\t\t\t<\/span>\n\t\t<\/div>\n\t\t\t\t\t\t<\/div>\n\t\t\t\t<\/div>\n\t\t\t\t<section class=\"elementor-section elementor-inner-section elementor-element elementor-element-99a473c elementor-section-boxed elementor-section-height-default elementor-section-height-default\" data-id=\"99a473c\" data-element_type=\"section\" data-e-type=\"section\">\n\t\t\t\t\t\t<div class=\"elementor-container elementor-column-gap-default\">\n\t\t\t\t\t<div class=\"elementor-column elementor-col-50 elementor-inner-column elementor-element elementor-element-27ae300\" data-id=\"27ae300\" data-element_type=\"column\" data-e-type=\"column\">\n\t\t\t<div class=\"elementor-widget-wrap elementor-element-populated\">\n\t\t\t\t\t\t<div class=\"elementor-element elementor-element-e7d87fb elementor-widget elementor-widget-image\" data-id=\"e7d87fb\" data-element_type=\"widget\" data-e-type=\"widget\" data-widget_type=\"image.default\">\n\t\t\t\t<div class=\"elementor-widget-container\">\n\t\t\t\t\t\t\t\t\t\t\t\t\t\t\t<img decoding=\"async\" width=\"683\" height=\"1024\" src=\"https:\/\/cocemfevalencia.org\/wp-content\/uploads\/2023\/05\/Descobrim_2023-1-683x1024.jpg\" class=\"attachment-large size-large wp-image-6868\" alt=\"\" srcset=\"https:\/\/cocemfevalencia.org\/wp-content\/uploads\/2023\/05\/Descobrim_2023-1-683x1024.jpg 683w, https:\/\/cocemfevalencia.org\/wp-content\/uploads\/2023\/05\/Descobrim_2023-1-200x300.jpg 200w, https:\/\/cocemfevalencia.org\/wp-content\/uploads\/2023\/05\/Descobrim_2023-1-768x1151.jpg 768w, https:\/\/cocemfevalencia.org\/wp-content\/uploads\/2023\/05\/Descobrim_2023-1-1025x1536.jpg 1025w, https:\/\/cocemfevalencia.org\/wp-content\/uploads\/2023\/05\/Descobrim_2023-1.jpg 1334w\" sizes=\"(max-width: 683px) 100vw, 683px\" \/>\t\t\t\t\t\t\t\t\t\t\t\t\t\t\t<\/div>\n\t\t\t\t<\/div>\n\t\t\t\t\t<\/div>\n\t\t<\/div>\n\t\t\t\t<div class=\"elementor-column elementor-col-50 elementor-inner-column elementor-element elementor-element-6cff420\" data-id=\"6cff420\" data-element_type=\"column\" data-e-type=\"column\">\n\t\t\t<div class=\"elementor-widget-wrap elementor-element-populated\">\n\t\t\t\t\t\t<div class=\"elementor-element elementor-element-a7adb9b elementor-widget elementor-widget-text-editor\" data-id=\"a7adb9b\" data-element_type=\"widget\" data-e-type=\"widget\" data-widget_type=\"text-editor.default\">\n\t\t\t\t<div class=\"elementor-widget-container\">\n\t\t\t\t\t\t\t\t\t<p><strong>Cicle Cultural Descobrim 2023. Juny i juliol<\/strong><\/p><p>L&#8217;edici\u00f3\u00a02023 del Cicle Cultural Descobrim\u00a0ja est\u00e0 en marxa. Un any m\u00e9s, aquesta iniciativa de\u00a0COCEMFE Val\u00e8ncia, impulsada per\u00a0Caixa Popular, tractar\u00e0 de propiciar un espai cultural d&#8217;intercanvi d&#8217;expressions art\u00edstiques i treballar\u00e0 per la democratitzaci\u00f3 de l&#8217;acc\u00e9s a la cultura de persones amb discapacitat f\u00edsica i\/o org\u00e0nica a l&#8217;hora que fomentar\u00e0 el consum de productes culturals.<\/p><p>&#8216;Coratge&#8217;\u00a0\u00e9s el lema triat per a aquesta edici\u00f3, perqu\u00e8 \u00e9s eixe coratge, eixe primer impuls i espurna,\u00a0el primer pas cap a la construcci\u00f3 dels grans projectes. Des de\u00a0COCEMFE Val\u00e8ncia\u00a0animem a totes les persones associades a sumar-se a donar el\u00a0primer pas i sumar-se amb les seues propostes, a les activitats d&#8217;enguany.<\/p><p><strong>ACTIVITATS PREVISTES:<\/strong><\/p><p><img decoding=\"async\" class=\"\" role=\"img\" draggable=\"false\" src=\"https:\/\/s.w.org\/images\/core\/emoji\/14.0.0\/svg\/1f3ad.svg\" alt=\"\ud83c\udfad\" width=\"31\" height=\"31\" \/>\u00a0Taller de Teatre &#8216;Coratge&#8217;:<\/p><ul><li><strong>Espai:\u00a0<\/strong>Teatro C\u00edrculo (Calle Prudenci Alc\u00f3n i Mateu 3, bajo izq. 46020 \u2013 Val\u00e8ncia,\u00a0Barri de Benimaclet)<\/li><li><strong>Dates:<\/strong>\u00a0Deu sessions entre el\u00a08 de maig i l&#8217;11 de juny<\/li><li style=\"list-style-type: none;\">\u00a0<\/li><\/ul><p>De la m\u00e0 del Teatro C\u00edrculo, i sota la direcci\u00f3 d&#8217;<a href=\"https:\/\/drive.google.com\/file\/d\/13XjjJnhZe6t2KGi034qKPnYrg6o-hFle\/view?usp=sharing\">Ana Campos del Alc\u00e1zar<\/a>\u00a0i\u00a0<a href=\"https:\/\/drive.google.com\/file\/d\/1-Z8H6-1MlU62PUTQ6bIJYf1l5iWcoy8_\/view?usp=share_link\">Domingo Chinchilla<\/a>, COCEMFE Val\u00e8ncia ha plantejat un taller de teatre dirigit a persones amb discapacitat f\u00edsica i \/o org\u00e0nica. Aquesta proposta, activa actualment, estrenar\u00e0 una pe\u00e7a teatral dins del marc de la Jornada d&#8217;Arts Esc\u00e8niques del proper diumenge 11 de juny.<\/p><p><img loading=\"lazy\" decoding=\"async\" class=\"\" role=\"img\" draggable=\"false\" src=\"https:\/\/s.w.org\/images\/core\/emoji\/14.0.0\/svg\/1f483-1f3fb.svg\" alt=\"\ud83d\udc83\ud83c\udffb\" width=\"30\" height=\"30\" \/>\u00a0<strong>III Jornada d&#8217;Arts Esc\u00e8niques:<\/strong><\/p><ul><li><strong>Espai:<\/strong>\u00a0Teatro C\u00edrculo (Calle Prudenci Alc\u00f3n i Mateu 3, bajo izq. 46020 \u2013 Val\u00e8ncia,\u00a0Barri de Benimaclet)<\/li><li><strong>Dates:\u00a0<\/strong>Diumenge 11 de juny\/ 19:00 hores<\/li><li style=\"list-style-type: none;\">\u00a0<\/li><\/ul><p>Jornada en la qual es proporcionar\u00e0, a aquelles persones que decidisquen animar-se a participar, un espai d\u2019expressi\u00f3 art\u00edstica per a mostrar disciplines com el cant, el recital po\u00e8tic, o la lectura de relats curts, entre altres propostes. Enguany comptarem amb l&#8217;estrena de la pe\u00e7a resultant del<strong> taller de teatre &#8216;Coratge&#8217;<\/strong>, la participaci\u00f3 de <strong>Vanessa Gil<\/strong> Monta\u00f1\u00e9s, que llegir\u00e0 un relat propi, i la poeta <strong>Pilar Lozano<\/strong> <strong>Alarc\u00f3n<\/strong>, aix\u00ed com del grup de Musicoter\u00e0pia. D&#8217;altra banda, el poeta <strong>Victor Benavides<\/strong> ser\u00e0 l&#8217;artista convidat d&#8217;enguany.<\/p><p><img loading=\"lazy\" decoding=\"async\" class=\"emoji\" role=\"img\" draggable=\"false\" src=\"https:\/\/s.w.org\/images\/core\/emoji\/14.0.0\/svg\/1f39f.svg\" alt=\"\ud83c\udf9f\" width=\"23\" height=\"23\" \/><a href=\"https:\/\/docs.google.com\/forms\/d\/e\/1FAIpQLScOkAy12pnpWDgI44eMhT6i-v0J7e4ch0F4scyQUS-gNi-cUA\/viewform?usp=sf_link\">\u00a0Reserva les teues entrades ac\u00ed!<\/a><\/p><p><img loading=\"lazy\" decoding=\"async\" class=\"\" role=\"img\" draggable=\"false\" src=\"https:\/\/s.w.org\/images\/core\/emoji\/14.0.0\/svg\/1f5e3.svg\" alt=\"\ud83d\udde3\" width=\"30\" height=\"30\" \/>\u00a0<strong>Col\u00b7loqui Caixa Popular: &#8216;Com comunicar la discapacitat?&#8217;<\/strong><\/p><ul><li><strong>Espai:<\/strong>\u00a0Seu de Caixa Popular (Carrer de Cirilo Amor\u00f3s, 17, 46004 Val\u00e8ncia, Valencia)<\/li><li><strong>Dates:\u00a0<\/strong>Divendres 16 de juny a les 19:00 hores<\/li><li style=\"list-style-type: none;\">\u00a0<\/li><\/ul><p>Com s&#8217;ha de comunicar la discapacitat des dels departaments de comunicaci\u00f3 de les entitats del tercer sector? La premsa tracta amb correcci\u00f3 les not\u00edcies relacionades amb el nostre col\u00b7lectiu? Com han evolucionat les f\u00f2rmules de comunicaci\u00f3? D&#8217;aquests aspectes i altres molts reflexionarem acompanyats per professionals de la comunicaci\u00f3 amb experi\u00e8ncia en la mat\u00e8ria.\u00a0<\/p><p><strong>Participen<\/strong>: <strong>Lina Soler<\/strong>, coordinadora i responsable de comunicaci\u00f3n en <strong>COCEMFE Comunitat Valenciana<\/strong>, i <strong>M\u00f3nica Ros<\/strong>, periodista en el diario <strong>Levante-EMV<\/strong>.<\/p><p><img decoding=\"async\" class=\"emoji\" role=\"img\" draggable=\"false\" src=\"https:\/\/s.w.org\/images\/core\/emoji\/14.0.0\/svg\/1f39f.svg\" alt=\"\ud83c\udf9f\" \/>\u00a0<a href=\"https:\/\/docs.google.com\/forms\/d\/e\/1FAIpQLScL2m2Fugtcqovcn_1gkQ5JrpsfmoYHAVip-y1KEf_psWZIPQ\/viewform?usp=sf_link\">Reserva les teues entrades<\/a><\/p><p><strong>Modera:<\/strong> <strong>David Silvestre<\/strong>.<\/p><p><strong><img loading=\"lazy\" decoding=\"async\" class=\"\" role=\"img\" draggable=\"false\" src=\"https:\/\/s.w.org\/images\/core\/emoji\/14.0.0\/svg\/1f3a5.svg\" alt=\"\ud83c\udfa5\" width=\"28\" height=\"28\" \/>\u00a0Projecci\u00f3 cinematogr\u00e0fica i col\u00b7loqui:<\/strong><\/p><ul><li><strong>Espai:\u00a0<\/strong>Seu de COCEMFE Val\u00e8ncia (C\/ Torres 12 bajo izq., 46018 Val\u00e8ncia)<\/li><li><strong>Data:\u00a0<\/strong>Dimecres 28 de juny\/ 17:00 hores<\/li><\/ul><p>El dimecres 28 de juny la seu de COCEMFE Val\u00e8ncia acollir\u00e0 la projecci\u00f3 de &#8216;La consagraci\u00f3n de la primavera&#8217; (2022), pel\u00b7l\u00edcula dirigida per Fernando Franco sobre l&#8217;assist\u00e8ncia sexual a persones amb discapacitat.<\/p><p>\u00a0<\/p><p>\ud83c\udf9f <a href=\"https:\/\/docs.google.com\/forms\/d\/e\/1FAIpQLScfSN1waqswl5-NCERH_M5lQ58rPYpHxUJIi1HgLy0qO311HA\/viewform?usp=sf_link\">Reserva les teues entrades<\/a><\/p><p><strong><img loading=\"lazy\" decoding=\"async\" class=\"\" role=\"img\" draggable=\"false\" src=\"https:\/\/s.w.org\/images\/core\/emoji\/14.0.0\/svg\/1f3c6.svg\" alt=\"\ud83c\udfc6\" width=\"29\" height=\"29\" \/>\u00a0XII Premis COCEMFE Valencia:<\/strong><\/p><ul><li><strong>Espai:<\/strong>\u00a0Sala Alfons el Magn\u00e0nim, Centre Cultural La Benefic\u00e8ncia (C\/ de la Corona, 36, 46003 Val\u00e8ncia, Valencia)<\/li><li><strong>Data:\u00a0<\/strong>Dimecres 5 de juliol\/ 17:00<\/li><li style=\"list-style-type: none;\">\u00a0<\/li><\/ul><p>COCEMFE Valencia celebra la XII edici\u00f3 dels seus premis en una jornada acompanyada de propostes culturals en la qual es reconeixer\u00e0 el treball d&#8217;entitats sensibilitzades amb la discapacitat.<\/p>\t\t\t\t\t\t\t\t<\/div>\n\t\t\t\t<\/div>\n\t\t\t\t\t<\/div>\n\t\t<\/div>\n\t\t\t\t\t<\/div>\n\t\t<\/section>\n\t\t\t\t\t<\/div>\n\t\t<\/div>\n\t\t\t\t\t<\/div>\n\t\t<\/section>\n\t\t\t\t<\/div>\n\t\t<p>Visitas: 14<\/p>","protected":false},"excerpt":{"rendered":"<p>Cicle Cultural Descobrim 2023. Juny i juliol L&#8217;edici\u00f3\u00a02023 del Cicle Cultural Descobrim\u00a0ja est\u00e0 en marxa. Un any m\u00e9s, aquesta iniciativa de\u00a0COCEMFE Val\u00e8ncia, impulsada per\u00a0Caixa Popular, tractar\u00e0 de propiciar un espai cultural d&#8217;intercanvi d&#8217;expressions art\u00edstiques i treballar\u00e0 per la democratitzaci\u00f3 de l&#8217;acc\u00e9s a la cultura de persones amb discapacitat f\u00edsica i\/o org\u00e0nica a l&#8217;hora que fomentar\u00e0&hellip;&nbsp;<a href=\"https:\/\/cocemfevalencia.org\/es\/cicle-cultural-descobrim-2023-coratge\/\" rel=\"bookmark\">Leer m\u00e1s &raquo;<span class=\"screen-reader-text\">CICLE CULTURAL DESCOBRIM 2023: &#8216;CORATGE&#8217;<\/span><\/a><\/p>\n","protected":false},"author":3,"featured_media":6862,"comment_status":"open","ping_status":"open","sticky":false,"template":"","format":"standard","meta":{"rop_custom_images_group":[],"rop_custom_messages_group":[],"rop_publish_now":"initial","rop_publish_now_accounts":[],"rop_publish_now_history":[],"rop_publish_now_status":"pending","neve_meta_sidebar":"","neve_meta_container":"","neve_meta_enable_content_width":"","neve_meta_content_width":0,"neve_meta_title_alignment":"","neve_meta_author_avatar":"","neve_post_elements_order":"","neve_meta_disable_header":"","neve_meta_disable_footer":"","neve_meta_disable_title":"","footnotes":""},"categories":[4],"tags":[],"class_list":["post-6861","post","type-post","status-publish","format-standard","has-post-thumbnail","hentry","category-uncategorized"],"yoast_head":"<!-- This site is optimized with the Yoast SEO plugin v27.3 - https:\/\/yoast.com\/product\/yoast-seo-wordpress\/ -->\n<title>CICLE CULTURAL DESCOBRIM 2023: &#039;CORATGE&#039; - Cocemfe Valencia<\/title>\n<meta name=\"robots\" content=\"index, follow, max-snippet:-1, max-image-preview:large, max-video-preview:-1\" \/>\n<link rel=\"canonical\" href=\"https:\/\/cocemfevalencia.org\/es\/cicle-cultural-descobrim-2023-coratge\/\" \/>\n<meta property=\"og:locale\" content=\"es_ES\" \/>\n<meta property=\"og:type\" content=\"article\" \/>\n<meta property=\"og:title\" content=\"CICLE CULTURAL DESCOBRIM 2023: &#039;CORATGE&#039; - Cocemfe Valencia\" \/>\n<meta property=\"og:description\" content=\"Cicle Cultural Descobrim 2023. Juny i juliol L&#8217;edici\u00f3\u00a02023 del Cicle Cultural Descobrim\u00a0ja est\u00e0 en marxa. Un any m\u00e9s, aquesta iniciativa de\u00a0COCEMFE Val\u00e8ncia, impulsada per\u00a0Caixa Popular, tractar\u00e0 de propiciar un espai cultural d&#8217;intercanvi d&#8217;expressions art\u00edstiques i treballar\u00e0 per la democratitzaci\u00f3 de l&#8217;acc\u00e9s a la cultura de persones amb discapacitat f\u00edsica i\/o org\u00e0nica a l&#8217;hora que fomentar\u00e0&hellip;&nbsp;Leer m\u00e1s &raquo;CICLE CULTURAL DESCOBRIM 2023: &#8216;CORATGE&#8217;\" \/>\n<meta property=\"og:url\" content=\"https:\/\/cocemfevalencia.org\/es\/cicle-cultural-descobrim-2023-coratge\/\" \/>\n<meta property=\"og:site_name\" content=\"Cocemfe Valencia\" \/>\n<meta property=\"article:publisher\" content=\"https:\/\/www.facebook.com\/cocemfe.valencia\" \/>\n<meta property=\"article:published_time\" content=\"2023-05-16T08:56:14+00:00\" \/>\n<meta property=\"og:image\" content=\"http:\/\/cocemfevalencia.org\/wp-content\/uploads\/2023\/05\/Portada_Twitter-1.jpg\" \/>\n<meta name=\"author\" content=\"COCEMFE VALENCIA\" \/>\n<meta name=\"twitter:card\" content=\"summary_large_image\" \/>\n<meta name=\"twitter:creator\" content=\"@COCEMFEValencia\" \/>\n<meta name=\"twitter:site\" content=\"@COCEMFEValencia\" \/>\n<meta name=\"twitter:label1\" content=\"Escrito por\" \/>\n\t<meta name=\"twitter:data1\" content=\"COCEMFE VALENCIA\" \/>\n\t<meta name=\"twitter:label2\" content=\"Tiempo de lectura\" \/>\n\t<meta name=\"twitter:data2\" content=\"3 minutos\" \/>\n<script type=\"application\/ld+json\" class=\"yoast-schema-graph\">{\"@context\":\"https:\\\/\\\/schema.org\",\"@graph\":[{\"@type\":\"Article\",\"@id\":\"https:\\\/\\\/cocemfevalencia.org\\\/es\\\/cicle-cultural-descobrim-2023-coratge\\\/#article\",\"isPartOf\":{\"@id\":\"https:\\\/\\\/cocemfevalencia.org\\\/es\\\/cicle-cultural-descobrim-2023-coratge\\\/\"},\"author\":{\"name\":\"COCEMFE VALENCIA\",\"@id\":\"https:\\\/\\\/cocemfevalencia.org\\\/es\\\/#\\\/schema\\\/person\\\/e31a24227ccbc918e2c80add51990ad7\"},\"headline\":\"CICLE CULTURAL DESCOBRIM 2023: &#8216;CORATGE&#8217;\",\"datePublished\":\"2023-05-16T08:56:14+00:00\",\"mainEntityOfPage\":{\"@id\":\"https:\\\/\\\/cocemfevalencia.org\\\/es\\\/cicle-cultural-descobrim-2023-coratge\\\/\"},\"wordCount\":579,\"commentCount\":0,\"publisher\":{\"@id\":\"https:\\\/\\\/cocemfevalencia.org\\\/es\\\/#organization\"},\"image\":{\"@id\":\"https:\\\/\\\/cocemfevalencia.org\\\/es\\\/cicle-cultural-descobrim-2023-coratge\\\/#primaryimage\"},\"thumbnailUrl\":\"https:\\\/\\\/cocemfevalencia.org\\\/wp-content\\\/uploads\\\/2023\\\/05\\\/Descobrim_2023.jpg\",\"articleSection\":[\"Uncategorized\"],\"inLanguage\":\"es\",\"potentialAction\":[{\"@type\":\"CommentAction\",\"name\":\"Comment\",\"target\":[\"https:\\\/\\\/cocemfevalencia.org\\\/es\\\/cicle-cultural-descobrim-2023-coratge\\\/#respond\"]}]},{\"@type\":\"WebPage\",\"@id\":\"https:\\\/\\\/cocemfevalencia.org\\\/es\\\/cicle-cultural-descobrim-2023-coratge\\\/\",\"url\":\"https:\\\/\\\/cocemfevalencia.org\\\/es\\\/cicle-cultural-descobrim-2023-coratge\\\/\",\"name\":\"CICLE CULTURAL DESCOBRIM 2023: 'CORATGE' - Cocemfe Valencia\",\"isPartOf\":{\"@id\":\"https:\\\/\\\/cocemfevalencia.org\\\/es\\\/#website\"},\"primaryImageOfPage\":{\"@id\":\"https:\\\/\\\/cocemfevalencia.org\\\/es\\\/cicle-cultural-descobrim-2023-coratge\\\/#primaryimage\"},\"image\":{\"@id\":\"https:\\\/\\\/cocemfevalencia.org\\\/es\\\/cicle-cultural-descobrim-2023-coratge\\\/#primaryimage\"},\"thumbnailUrl\":\"https:\\\/\\\/cocemfevalencia.org\\\/wp-content\\\/uploads\\\/2023\\\/05\\\/Descobrim_2023.jpg\",\"datePublished\":\"2023-05-16T08:56:14+00:00\",\"breadcrumb\":{\"@id\":\"https:\\\/\\\/cocemfevalencia.org\\\/es\\\/cicle-cultural-descobrim-2023-coratge\\\/#breadcrumb\"},\"inLanguage\":\"es\",\"potentialAction\":[{\"@type\":\"ReadAction\",\"target\":[\"https:\\\/\\\/cocemfevalencia.org\\\/es\\\/cicle-cultural-descobrim-2023-coratge\\\/\"]}]},{\"@type\":\"ImageObject\",\"inLanguage\":\"es\",\"@id\":\"https:\\\/\\\/cocemfevalencia.org\\\/es\\\/cicle-cultural-descobrim-2023-coratge\\\/#primaryimage\",\"url\":\"https:\\\/\\\/cocemfevalencia.org\\\/wp-content\\\/uploads\\\/2023\\\/05\\\/Descobrim_2023.jpg\",\"contentUrl\":\"https:\\\/\\\/cocemfevalencia.org\\\/wp-content\\\/uploads\\\/2023\\\/05\\\/Descobrim_2023.jpg\",\"width\":1334,\"height\":2000},{\"@type\":\"BreadcrumbList\",\"@id\":\"https:\\\/\\\/cocemfevalencia.org\\\/es\\\/cicle-cultural-descobrim-2023-coratge\\\/#breadcrumb\",\"itemListElement\":[{\"@type\":\"ListItem\",\"position\":1,\"name\":\"Portada\",\"item\":\"https:\\\/\\\/cocemfevalencia.org\\\/es\\\/\"},{\"@type\":\"ListItem\",\"position\":2,\"name\":\"CICLE CULTURAL DESCOBRIM 2023: &#8216;CORATGE&#8217;\"}]},{\"@type\":\"WebSite\",\"@id\":\"https:\\\/\\\/cocemfevalencia.org\\\/es\\\/#website\",\"url\":\"https:\\\/\\\/cocemfevalencia.org\\\/es\\\/\",\"name\":\"Cocemfe Valencia\",\"description\":\"FEDERACI\u00d3N DE ASOCIACIONES DE PERSONAS CON DISCAPACIDAD F\u00cdSICA Y ORG\u00c1NICA DE LA PROV\u00cdNCIA DE VALENCIA\",\"publisher\":{\"@id\":\"https:\\\/\\\/cocemfevalencia.org\\\/es\\\/#organization\"},\"potentialAction\":[{\"@type\":\"SearchAction\",\"target\":{\"@type\":\"EntryPoint\",\"urlTemplate\":\"https:\\\/\\\/cocemfevalencia.org\\\/es\\\/?s={search_term_string}\"},\"query-input\":{\"@type\":\"PropertyValueSpecification\",\"valueRequired\":true,\"valueName\":\"search_term_string\"}}],\"inLanguage\":\"es\"},{\"@type\":\"Organization\",\"@id\":\"https:\\\/\\\/cocemfevalencia.org\\\/es\\\/#organization\",\"name\":\"Cocemfe Valencia\",\"url\":\"https:\\\/\\\/cocemfevalencia.org\\\/es\\\/\",\"logo\":{\"@type\":\"ImageObject\",\"inLanguage\":\"es\",\"@id\":\"https:\\\/\\\/cocemfevalencia.org\\\/es\\\/#\\\/schema\\\/logo\\\/image\\\/\",\"url\":\"https:\\\/\\\/cocemfevalencia.org\\\/wp-content\\\/uploads\\\/2023\\\/03\\\/0312-Horizontal-una-linea-larga-rgb-positivo-Tricolor.png\",\"contentUrl\":\"https:\\\/\\\/cocemfevalencia.org\\\/wp-content\\\/uploads\\\/2023\\\/03\\\/0312-Horizontal-una-linea-larga-rgb-positivo-Tricolor.png\",\"width\":2334,\"height\":613,\"caption\":\"Cocemfe Valencia\"},\"image\":{\"@id\":\"https:\\\/\\\/cocemfevalencia.org\\\/es\\\/#\\\/schema\\\/logo\\\/image\\\/\"},\"sameAs\":[\"https:\\\/\\\/www.facebook.com\\\/cocemfe.valencia\",\"https:\\\/\\\/x.com\\\/COCEMFEValencia\"]},{\"@type\":\"Person\",\"@id\":\"https:\\\/\\\/cocemfevalencia.org\\\/es\\\/#\\\/schema\\\/person\\\/e31a24227ccbc918e2c80add51990ad7\",\"name\":\"COCEMFE VALENCIA\",\"image\":{\"@type\":\"ImageObject\",\"inLanguage\":\"es\",\"@id\":\"https:\\\/\\\/secure.gravatar.com\\\/avatar\\\/81dd2ced4591577d70433bbfde65ba3f931e09f5cb4ca8c890817c47789b47f0?s=96&d=mm&r=g\",\"url\":\"https:\\\/\\\/secure.gravatar.com\\\/avatar\\\/81dd2ced4591577d70433bbfde65ba3f931e09f5cb4ca8c890817c47789b47f0?s=96&d=mm&r=g\",\"contentUrl\":\"https:\\\/\\\/secure.gravatar.com\\\/avatar\\\/81dd2ced4591577d70433bbfde65ba3f931e09f5cb4ca8c890817c47789b47f0?s=96&d=mm&r=g\",\"caption\":\"COCEMFE VALENCIA\"}}]}<\/script>\n<!-- \/ Yoast SEO plugin. -->","yoast_head_json":{"title":"CICLE CULTURAL DESCOBRIM 2023: 'CORATGE' - Cocemfe Valencia","robots":{"index":"index","follow":"follow","max-snippet":"max-snippet:-1","max-image-preview":"max-image-preview:large","max-video-preview":"max-video-preview:-1"},"canonical":"https:\/\/cocemfevalencia.org\/es\/cicle-cultural-descobrim-2023-coratge\/","og_locale":"es_ES","og_type":"article","og_title":"CICLE CULTURAL DESCOBRIM 2023: 'CORATGE' - Cocemfe Valencia","og_description":"Cicle Cultural Descobrim 2023. Juny i juliol L&#8217;edici\u00f3\u00a02023 del Cicle Cultural Descobrim\u00a0ja est\u00e0 en marxa. Un any m\u00e9s, aquesta iniciativa de\u00a0COCEMFE Val\u00e8ncia, impulsada per\u00a0Caixa Popular, tractar\u00e0 de propiciar un espai cultural d&#8217;intercanvi d&#8217;expressions art\u00edstiques i treballar\u00e0 per la democratitzaci\u00f3 de l&#8217;acc\u00e9s a la cultura de persones amb discapacitat f\u00edsica i\/o org\u00e0nica a l&#8217;hora que fomentar\u00e0&hellip;&nbsp;Leer m\u00e1s &raquo;CICLE CULTURAL DESCOBRIM 2023: &#8216;CORATGE&#8217;","og_url":"https:\/\/cocemfevalencia.org\/es\/cicle-cultural-descobrim-2023-coratge\/","og_site_name":"Cocemfe Valencia","article_publisher":"https:\/\/www.facebook.com\/cocemfe.valencia","article_published_time":"2023-05-16T08:56:14+00:00","og_image":[{"url":"http:\/\/cocemfevalencia.org\/wp-content\/uploads\/2023\/05\/Portada_Twitter-1.jpg","type":"","width":"","height":""}],"author":"COCEMFE VALENCIA","twitter_card":"summary_large_image","twitter_creator":"@COCEMFEValencia","twitter_site":"@COCEMFEValencia","twitter_misc":{"Escrito por":"COCEMFE VALENCIA","Tiempo de lectura":"3 minutos"},"schema":{"@context":"https:\/\/schema.org","@graph":[{"@type":"Article","@id":"https:\/\/cocemfevalencia.org\/es\/cicle-cultural-descobrim-2023-coratge\/#article","isPartOf":{"@id":"https:\/\/cocemfevalencia.org\/es\/cicle-cultural-descobrim-2023-coratge\/"},"author":{"name":"COCEMFE VALENCIA","@id":"https:\/\/cocemfevalencia.org\/es\/#\/schema\/person\/e31a24227ccbc918e2c80add51990ad7"},"headline":"CICLE CULTURAL DESCOBRIM 2023: &#8216;CORATGE&#8217;","datePublished":"2023-05-16T08:56:14+00:00","mainEntityOfPage":{"@id":"https:\/\/cocemfevalencia.org\/es\/cicle-cultural-descobrim-2023-coratge\/"},"wordCount":579,"commentCount":0,"publisher":{"@id":"https:\/\/cocemfevalencia.org\/es\/#organization"},"image":{"@id":"https:\/\/cocemfevalencia.org\/es\/cicle-cultural-descobrim-2023-coratge\/#primaryimage"},"thumbnailUrl":"https:\/\/cocemfevalencia.org\/wp-content\/uploads\/2023\/05\/Descobrim_2023.jpg","articleSection":["Uncategorized"],"inLanguage":"es","potentialAction":[{"@type":"CommentAction","name":"Comment","target":["https:\/\/cocemfevalencia.org\/es\/cicle-cultural-descobrim-2023-coratge\/#respond"]}]},{"@type":"WebPage","@id":"https:\/\/cocemfevalencia.org\/es\/cicle-cultural-descobrim-2023-coratge\/","url":"https:\/\/cocemfevalencia.org\/es\/cicle-cultural-descobrim-2023-coratge\/","name":"CICLE CULTURAL DESCOBRIM 2023: 'CORATGE' - Cocemfe Valencia","isPartOf":{"@id":"https:\/\/cocemfevalencia.org\/es\/#website"},"primaryImageOfPage":{"@id":"https:\/\/cocemfevalencia.org\/es\/cicle-cultural-descobrim-2023-coratge\/#primaryimage"},"image":{"@id":"https:\/\/cocemfevalencia.org\/es\/cicle-cultural-descobrim-2023-coratge\/#primaryimage"},"thumbnailUrl":"https:\/\/cocemfevalencia.org\/wp-content\/uploads\/2023\/05\/Descobrim_2023.jpg","datePublished":"2023-05-16T08:56:14+00:00","breadcrumb":{"@id":"https:\/\/cocemfevalencia.org\/es\/cicle-cultural-descobrim-2023-coratge\/#breadcrumb"},"inLanguage":"es","potentialAction":[{"@type":"ReadAction","target":["https:\/\/cocemfevalencia.org\/es\/cicle-cultural-descobrim-2023-coratge\/"]}]},{"@type":"ImageObject","inLanguage":"es","@id":"https:\/\/cocemfevalencia.org\/es\/cicle-cultural-descobrim-2023-coratge\/#primaryimage","url":"https:\/\/cocemfevalencia.org\/wp-content\/uploads\/2023\/05\/Descobrim_2023.jpg","contentUrl":"https:\/\/cocemfevalencia.org\/wp-content\/uploads\/2023\/05\/Descobrim_2023.jpg","width":1334,"height":2000},{"@type":"BreadcrumbList","@id":"https:\/\/cocemfevalencia.org\/es\/cicle-cultural-descobrim-2023-coratge\/#breadcrumb","itemListElement":[{"@type":"ListItem","position":1,"name":"Portada","item":"https:\/\/cocemfevalencia.org\/es\/"},{"@type":"ListItem","position":2,"name":"CICLE CULTURAL DESCOBRIM 2023: &#8216;CORATGE&#8217;"}]},{"@type":"WebSite","@id":"https:\/\/cocemfevalencia.org\/es\/#website","url":"https:\/\/cocemfevalencia.org\/es\/","name":"Cocemfe Valencia","description":"FEDERACI\u00d3N DE ASOCIACIONES DE PERSONAS CON DISCAPACIDAD F\u00cdSICA Y ORG\u00c1NICA DE LA PROV\u00cdNCIA DE VALENCIA","publisher":{"@id":"https:\/\/cocemfevalencia.org\/es\/#organization"},"potentialAction":[{"@type":"SearchAction","target":{"@type":"EntryPoint","urlTemplate":"https:\/\/cocemfevalencia.org\/es\/?s={search_term_string}"},"query-input":{"@type":"PropertyValueSpecification","valueRequired":true,"valueName":"search_term_string"}}],"inLanguage":"es"},{"@type":"Organization","@id":"https:\/\/cocemfevalencia.org\/es\/#organization","name":"Cocemfe Valencia","url":"https:\/\/cocemfevalencia.org\/es\/","logo":{"@type":"ImageObject","inLanguage":"es","@id":"https:\/\/cocemfevalencia.org\/es\/#\/schema\/logo\/image\/","url":"https:\/\/cocemfevalencia.org\/wp-content\/uploads\/2023\/03\/0312-Horizontal-una-linea-larga-rgb-positivo-Tricolor.png","contentUrl":"https:\/\/cocemfevalencia.org\/wp-content\/uploads\/2023\/03\/0312-Horizontal-una-linea-larga-rgb-positivo-Tricolor.png","width":2334,"height":613,"caption":"Cocemfe Valencia"},"image":{"@id":"https:\/\/cocemfevalencia.org\/es\/#\/schema\/logo\/image\/"},"sameAs":["https:\/\/www.facebook.com\/cocemfe.valencia","https:\/\/x.com\/COCEMFEValencia"]},{"@type":"Person","@id":"https:\/\/cocemfevalencia.org\/es\/#\/schema\/person\/e31a24227ccbc918e2c80add51990ad7","name":"COCEMFE VALENCIA","image":{"@type":"ImageObject","inLanguage":"es","@id":"https:\/\/secure.gravatar.com\/avatar\/81dd2ced4591577d70433bbfde65ba3f931e09f5cb4ca8c890817c47789b47f0?s=96&d=mm&r=g","url":"https:\/\/secure.gravatar.com\/avatar\/81dd2ced4591577d70433bbfde65ba3f931e09f5cb4ca8c890817c47789b47f0?s=96&d=mm&r=g","contentUrl":"https:\/\/secure.gravatar.com\/avatar\/81dd2ced4591577d70433bbfde65ba3f931e09f5cb4ca8c890817c47789b47f0?s=96&d=mm&r=g","caption":"COCEMFE VALENCIA"}}]}},"_links":{"self":[{"href":"https:\/\/cocemfevalencia.org\/es\/wp-json\/wp\/v2\/posts\/6861","targetHints":{"allow":["GET"]}}],"collection":[{"href":"https:\/\/cocemfevalencia.org\/es\/wp-json\/wp\/v2\/posts"}],"about":[{"href":"https:\/\/cocemfevalencia.org\/es\/wp-json\/wp\/v2\/types\/post"}],"author":[{"embeddable":true,"href":"https:\/\/cocemfevalencia.org\/es\/wp-json\/wp\/v2\/users\/3"}],"replies":[{"embeddable":true,"href":"https:\/\/cocemfevalencia.org\/es\/wp-json\/wp\/v2\/comments?post=6861"}],"version-history":[{"count":0,"href":"https:\/\/cocemfevalencia.org\/es\/wp-json\/wp\/v2\/posts\/6861\/revisions"}],"wp:featuredmedia":[{"embeddable":true,"href":"https:\/\/cocemfevalencia.org\/es\/wp-json\/wp\/v2\/media\/6862"}],"wp:attachment":[{"href":"https:\/\/cocemfevalencia.org\/es\/wp-json\/wp\/v2\/media?parent=6861"}],"wp:term":[{"taxonomy":"category","embeddable":true,"href":"https:\/\/cocemfevalencia.org\/es\/wp-json\/wp\/v2\/categories?post=6861"},{"taxonomy":"post_tag","embeddable":true,"href":"https:\/\/cocemfevalencia.org\/es\/wp-json\/wp\/v2\/tags?post=6861"}],"curies":[{"name":"wp","href":"https:\/\/api.w.org\/{rel}","templated":true}]}}