{"id":8379,"date":"2019-04-01T14:18:38","date_gmt":"2019-04-01T12:18:38","guid":{"rendered":"http:\/\/cocemfevalencia.org\/?p=2860"},"modified":"2019-04-01T14:18:38","modified_gmt":"2019-04-01T12:18:38","slug":"adai-cv-rep-la-donacio-de-la-iniciativa-xapes-solidaries-valencia-2","status":"publish","type":"post","link":"https:\/\/cocemfevalencia.org\/es\/adai-cv-rep-la-donacio-de-la-iniciativa-xapes-solidaries-valencia-2\/","title":{"rendered":"ADAI-CV rep la donaci\u00f3 de la iniciativa Xapes Solid\u00e0ries Val\u00e8ncia."},"content":{"rendered":"<p><img fetchpriority=\"high\" decoding=\"async\" width=\"640\" height=\"564\" src=\"https:\/\/cocemfevalencia.org\/wp-content\/uploads\/2019\/04\/WhatsApp-Image-2019-04-01-at-09.52.46-1-1024x903.jpeg\" alt=\"\" srcset=\"https:\/\/cocemfevalencia.org\/wp-content\/uploads\/2019\/04\/WhatsApp-Image-2019-04-01-at-09.52.46-1.jpeg 1024w, https:\/\/cocemfevalencia.org\/wp-content\/uploads\/2019\/04\/WhatsApp-Image-2019-04-01-at-09.52.46-1-300x265.jpeg 300w, https:\/\/cocemfevalencia.org\/wp-content\/uploads\/2019\/04\/WhatsApp-Image-2019-04-01-at-09.52.46-1-768x677.jpeg 768w\" sizes=\"(max-width: 640px) 100vw, 640px\" \/>\t\t\t\t\t\t\t\t\t\t\t<\/p>\n<p>Esta setmana l&#8217;associaci\u00f3 ADAI-CV, Associaci\u00f3 d&#8217;Afectats d&#8217;Ictus de la Comunitat Valenciana,\u00a0 federada a COCEMFE Val\u00e8ncia , ha rebut de Xapes Solid\u00e0ries Val\u00e8ncia un total de 750 \u20ac de donaci\u00f3. ADAI-CV va ser triada guanyadora el passat mes de Novembre entre altres associacions de COCEMFE Val\u00e8ncia gr\u00e0cies a la col\u00b7laboraci\u00f3 entre les dos entitats.\u00a0<\/p>\n<p>La donaci\u00f3 es va aconseguir amb la venda de xapes on l&#8217;import \u00edntegre es va destinar a l&#8217;associaci\u00f3. En l&#8217;entrega de la donaci\u00f3, Juan Mond\u00e9jar, president d&#8217;ADAI-CV i COCEMFE Val\u00e8ncia ha destacat la import\u00e0ncia de les noves iniciatives\u00a0 associades als j\u00f3vens. \u00ab\u00c9s una forma que coneguen el teixit associatiu que tenim en la Prov\u00edncia i les necessitats que podem tindre\u00bb.<\/p>\n<p>En breu es tornar\u00e0 a llan\u00e7ar la convocat\u00f2ria interna entre les associacions de COCEMFE Val\u00e8ncia perqu\u00e8 presenten els seus propis projectes i que siguen benefici\u00e0ries de la recaptaci\u00f3 mensual aconseguida per la venda de Xapes Solid\u00e0ries.<\/p>\n<p>Recordem que COCEMFE Val\u00e8ncia participa en el projecte des de la seua creaci\u00f3 en 2018, ajudant econ\u00f2micament a la Comunitat Pokemon Val\u00e8ncia. A l&#8217;Agost de 2018 es va obrir la convocat\u00f2ria entre les associacions perqu\u00e8 presentaren un projecte social i destinar els diners de la venda de les xapes solid\u00e0ries.<\/p>\n<p>Dels 5 projectes presentats, han sigut tres les associacions de COCEMFE Val\u00e8ncia que han rebut l&#8217;associaci\u00f3.<\/p>\n<p>Per a 2019 la intenci\u00f3 per ambd\u00f3s parts \u00e9s beneficiar almenys a 4 associacions m\u00e9s.<\/p>\n<p>Per a m\u00e9s informaci\u00f3:<\/p>\n<p>https:\/\/chapassolidariasvalencia.es\/<\/p>\n<p>\t\t\t\t\t\t\t\t\t\t<img decoding=\"async\" width=\"640\" height=\"446\" src=\"https:\/\/cocemfevalencia.org\/wp-content\/uploads\/2019\/04\/CHEQUEADAI.png\" alt=\"\" srcset=\"https:\/\/cocemfevalencia.org\/wp-content\/uploads\/2019\/04\/CHEQUEADAI.png 960w, https:\/\/cocemfevalencia.org\/wp-content\/uploads\/2019\/04\/CHEQUEADAI-300x209.png 300w, https:\/\/cocemfevalencia.org\/wp-content\/uploads\/2019\/04\/CHEQUEADAI-768x535.png 768w\" sizes=\"(max-width: 640px) 100vw, 640px\" \/><\/p>\n<p>Visitas: 3<\/p>","protected":false},"excerpt":{"rendered":"<p>Esta setmana l&#8217;associaci\u00f3 ADAI-CV, Associaci\u00f3 d&#8217;Afectats d&#8217;Ictus de la Comunitat Valenciana,\u00a0 federada a COCEMFE Val\u00e8ncia , ha rebut de Xapes Solid\u00e0ries Val\u00e8ncia un total de 750 \u20ac de donaci\u00f3. ADAI-CV va ser triada guanyadora el passat mes de Novembre entre altres associacions de COCEMFE Val\u00e8ncia gr\u00e0cies a la col\u00b7laboraci\u00f3 entre les dos entitats.\u00a0 La donaci\u00f3&hellip;&nbsp;<a href=\"https:\/\/cocemfevalencia.org\/es\/adai-cv-rep-la-donacio-de-la-iniciativa-xapes-solidaries-valencia-2\/\" rel=\"bookmark\">Leer m\u00e1s &raquo;<span class=\"screen-reader-text\">ADAI-CV rep la donaci\u00f3 de la iniciativa Xapes Solid\u00e0ries Val\u00e8ncia.<\/span><\/a><\/p>\n","protected":false},"author":3,"featured_media":0,"comment_status":"closed","ping_status":"closed","sticky":false,"template":"","format":"standard","meta":{"rop_custom_images_group":[],"rop_custom_messages_group":[],"rop_publish_now":"initial","rop_publish_now_accounts":[],"rop_publish_now_history":[],"rop_publish_now_status":"pending","neve_meta_sidebar":"","neve_meta_container":"","neve_meta_enable_content_width":"","neve_meta_content_width":0,"neve_meta_title_alignment":"","neve_meta_author_avatar":"","neve_post_elements_order":"","neve_meta_disable_header":"","neve_meta_disable_footer":"","neve_meta_disable_title":"","footnotes":""},"categories":[1],"tags":[],"class_list":["post-8379","post","type-post","status-publish","format-standard","hentry","category-articulos-cocemfe-valencia"],"yoast_head":"<!-- This site is optimized with the Yoast SEO plugin v27.3 - https:\/\/yoast.com\/product\/yoast-seo-wordpress\/ -->\n<title>ADAI-CV rep la donaci\u00f3 de la iniciativa Xapes Solid\u00e0ries Val\u00e8ncia. - Cocemfe Valencia<\/title>\n<meta name=\"robots\" content=\"index, follow, max-snippet:-1, max-image-preview:large, max-video-preview:-1\" \/>\n<link rel=\"canonical\" href=\"https:\/\/cocemfevalencia.org\/es\/adai-cv-rep-la-donacio-de-la-iniciativa-xapes-solidaries-valencia-2\/\" \/>\n<meta property=\"og:locale\" content=\"es_ES\" \/>\n<meta property=\"og:type\" content=\"article\" \/>\n<meta property=\"og:title\" content=\"ADAI-CV rep la donaci\u00f3 de la iniciativa Xapes Solid\u00e0ries Val\u00e8ncia. - Cocemfe Valencia\" \/>\n<meta property=\"og:description\" content=\"Esta setmana l&#8217;associaci\u00f3 ADAI-CV, Associaci\u00f3 d&#8217;Afectats d&#8217;Ictus de la Comunitat Valenciana,\u00a0 federada a COCEMFE Val\u00e8ncia , ha rebut de Xapes Solid\u00e0ries Val\u00e8ncia un total de 750 \u20ac de donaci\u00f3. ADAI-CV va ser triada guanyadora el passat mes de Novembre entre altres associacions de COCEMFE Val\u00e8ncia gr\u00e0cies a la col\u00b7laboraci\u00f3 entre les dos entitats.\u00a0 La donaci\u00f3&hellip;&nbsp;Leer m\u00e1s &raquo;ADAI-CV rep la donaci\u00f3 de la iniciativa Xapes Solid\u00e0ries Val\u00e8ncia.\" \/>\n<meta property=\"og:url\" content=\"https:\/\/cocemfevalencia.org\/es\/adai-cv-rep-la-donacio-de-la-iniciativa-xapes-solidaries-valencia-2\/\" \/>\n<meta property=\"og:site_name\" content=\"Cocemfe Valencia\" \/>\n<meta property=\"article:publisher\" content=\"https:\/\/www.facebook.com\/cocemfe.valencia\" \/>\n<meta property=\"article:published_time\" content=\"2019-04-01T12:18:38+00:00\" \/>\n<meta property=\"og:image\" content=\"https:\/\/cocemfevalencia.org\/wp-content\/uploads\/2019\/04\/WhatsApp-Image-2019-04-01-at-09.52.46-1-1024x903.jpeg\" \/>\n<meta name=\"author\" content=\"COCEMFE VALENCIA\" \/>\n<meta name=\"twitter:card\" content=\"summary_large_image\" \/>\n<meta name=\"twitter:creator\" content=\"@COCEMFEValencia\" \/>\n<meta name=\"twitter:site\" content=\"@COCEMFEValencia\" \/>\n<meta name=\"twitter:label1\" content=\"Escrito por\" \/>\n\t<meta name=\"twitter:data1\" content=\"COCEMFE VALENCIA\" \/>\n\t<meta name=\"twitter:label2\" content=\"Tiempo de lectura\" \/>\n\t<meta name=\"twitter:data2\" content=\"1 minuto\" \/>\n<script type=\"application\/ld+json\" class=\"yoast-schema-graph\">{\"@context\":\"https:\\\/\\\/schema.org\",\"@graph\":[{\"@type\":\"Article\",\"@id\":\"https:\\\/\\\/cocemfevalencia.org\\\/es\\\/adai-cv-rep-la-donacio-de-la-iniciativa-xapes-solidaries-valencia-2\\\/#article\",\"isPartOf\":{\"@id\":\"https:\\\/\\\/cocemfevalencia.org\\\/es\\\/adai-cv-rep-la-donacio-de-la-iniciativa-xapes-solidaries-valencia-2\\\/\"},\"author\":{\"name\":\"COCEMFE VALENCIA\",\"@id\":\"https:\\\/\\\/cocemfevalencia.org\\\/es\\\/#\\\/schema\\\/person\\\/e31a24227ccbc918e2c80add51990ad7\"},\"headline\":\"ADAI-CV rep la donaci\u00f3 de la iniciativa Xapes Solid\u00e0ries Val\u00e8ncia.\",\"datePublished\":\"2019-04-01T12:18:38+00:00\",\"mainEntityOfPage\":{\"@id\":\"https:\\\/\\\/cocemfevalencia.org\\\/es\\\/adai-cv-rep-la-donacio-de-la-iniciativa-xapes-solidaries-valencia-2\\\/\"},\"wordCount\":266,\"publisher\":{\"@id\":\"https:\\\/\\\/cocemfevalencia.org\\\/es\\\/#organization\"},\"image\":{\"@id\":\"https:\\\/\\\/cocemfevalencia.org\\\/es\\\/adai-cv-rep-la-donacio-de-la-iniciativa-xapes-solidaries-valencia-2\\\/#primaryimage\"},\"thumbnailUrl\":\"https:\\\/\\\/cocemfevalencia.org\\\/wp-content\\\/uploads\\\/2019\\\/04\\\/WhatsApp-Image-2019-04-01-at-09.52.46-1-1024x903.jpeg\",\"articleSection\":[\"Art\u00edculos COCEMFE Valencia\"],\"inLanguage\":\"es\"},{\"@type\":\"WebPage\",\"@id\":\"https:\\\/\\\/cocemfevalencia.org\\\/es\\\/adai-cv-rep-la-donacio-de-la-iniciativa-xapes-solidaries-valencia-2\\\/\",\"url\":\"https:\\\/\\\/cocemfevalencia.org\\\/es\\\/adai-cv-rep-la-donacio-de-la-iniciativa-xapes-solidaries-valencia-2\\\/\",\"name\":\"ADAI-CV rep la donaci\u00f3 de la iniciativa Xapes Solid\u00e0ries Val\u00e8ncia. - Cocemfe Valencia\",\"isPartOf\":{\"@id\":\"https:\\\/\\\/cocemfevalencia.org\\\/es\\\/#website\"},\"primaryImageOfPage\":{\"@id\":\"https:\\\/\\\/cocemfevalencia.org\\\/es\\\/adai-cv-rep-la-donacio-de-la-iniciativa-xapes-solidaries-valencia-2\\\/#primaryimage\"},\"image\":{\"@id\":\"https:\\\/\\\/cocemfevalencia.org\\\/es\\\/adai-cv-rep-la-donacio-de-la-iniciativa-xapes-solidaries-valencia-2\\\/#primaryimage\"},\"thumbnailUrl\":\"https:\\\/\\\/cocemfevalencia.org\\\/wp-content\\\/uploads\\\/2019\\\/04\\\/WhatsApp-Image-2019-04-01-at-09.52.46-1-1024x903.jpeg\",\"datePublished\":\"2019-04-01T12:18:38+00:00\",\"breadcrumb\":{\"@id\":\"https:\\\/\\\/cocemfevalencia.org\\\/es\\\/adai-cv-rep-la-donacio-de-la-iniciativa-xapes-solidaries-valencia-2\\\/#breadcrumb\"},\"inLanguage\":\"es\",\"potentialAction\":[{\"@type\":\"ReadAction\",\"target\":[\"https:\\\/\\\/cocemfevalencia.org\\\/es\\\/adai-cv-rep-la-donacio-de-la-iniciativa-xapes-solidaries-valencia-2\\\/\"]}]},{\"@type\":\"ImageObject\",\"inLanguage\":\"es\",\"@id\":\"https:\\\/\\\/cocemfevalencia.org\\\/es\\\/adai-cv-rep-la-donacio-de-la-iniciativa-xapes-solidaries-valencia-2\\\/#primaryimage\",\"url\":\"https:\\\/\\\/cocemfevalencia.org\\\/wp-content\\\/uploads\\\/2019\\\/04\\\/WhatsApp-Image-2019-04-01-at-09.52.46-1-1024x903.jpeg\",\"contentUrl\":\"https:\\\/\\\/cocemfevalencia.org\\\/wp-content\\\/uploads\\\/2019\\\/04\\\/WhatsApp-Image-2019-04-01-at-09.52.46-1-1024x903.jpeg\"},{\"@type\":\"BreadcrumbList\",\"@id\":\"https:\\\/\\\/cocemfevalencia.org\\\/es\\\/adai-cv-rep-la-donacio-de-la-iniciativa-xapes-solidaries-valencia-2\\\/#breadcrumb\",\"itemListElement\":[{\"@type\":\"ListItem\",\"position\":1,\"name\":\"Portada\",\"item\":\"https:\\\/\\\/cocemfevalencia.org\\\/es\\\/\"},{\"@type\":\"ListItem\",\"position\":2,\"name\":\"COCEMFE Val\u00e8ncia est\u00e0 informant, orientant i assessorant sobre discapacitat\",\"item\":\"https:\\\/\\\/cocemfevalencia.org\\\/es\\\/cocemfe-valencia-esta-informant-orientant-i-assessorant-sobre-discapacitat-3\\\/\"},{\"@type\":\"ListItem\",\"position\":3,\"name\":\"ADAI-CV rep la donaci\u00f3 de la iniciativa Xapes Solid\u00e0ries Val\u00e8ncia.\"}]},{\"@type\":\"WebSite\",\"@id\":\"https:\\\/\\\/cocemfevalencia.org\\\/es\\\/#website\",\"url\":\"https:\\\/\\\/cocemfevalencia.org\\\/es\\\/\",\"name\":\"Cocemfe Valencia\",\"description\":\"FEDERACI\u00d3N DE ASOCIACIONES DE PERSONAS CON DISCAPACIDAD F\u00cdSICA Y ORG\u00c1NICA DE LA PROV\u00cdNCIA DE VALENCIA\",\"publisher\":{\"@id\":\"https:\\\/\\\/cocemfevalencia.org\\\/es\\\/#organization\"},\"potentialAction\":[{\"@type\":\"SearchAction\",\"target\":{\"@type\":\"EntryPoint\",\"urlTemplate\":\"https:\\\/\\\/cocemfevalencia.org\\\/es\\\/?s={search_term_string}\"},\"query-input\":{\"@type\":\"PropertyValueSpecification\",\"valueRequired\":true,\"valueName\":\"search_term_string\"}}],\"inLanguage\":\"es\"},{\"@type\":\"Organization\",\"@id\":\"https:\\\/\\\/cocemfevalencia.org\\\/es\\\/#organization\",\"name\":\"Cocemfe Valencia\",\"url\":\"https:\\\/\\\/cocemfevalencia.org\\\/es\\\/\",\"logo\":{\"@type\":\"ImageObject\",\"inLanguage\":\"es\",\"@id\":\"https:\\\/\\\/cocemfevalencia.org\\\/es\\\/#\\\/schema\\\/logo\\\/image\\\/\",\"url\":\"https:\\\/\\\/cocemfevalencia.org\\\/wp-content\\\/uploads\\\/2023\\\/03\\\/0312-Horizontal-una-linea-larga-rgb-positivo-Tricolor.png\",\"contentUrl\":\"https:\\\/\\\/cocemfevalencia.org\\\/wp-content\\\/uploads\\\/2023\\\/03\\\/0312-Horizontal-una-linea-larga-rgb-positivo-Tricolor.png\",\"width\":2334,\"height\":613,\"caption\":\"Cocemfe Valencia\"},\"image\":{\"@id\":\"https:\\\/\\\/cocemfevalencia.org\\\/es\\\/#\\\/schema\\\/logo\\\/image\\\/\"},\"sameAs\":[\"https:\\\/\\\/www.facebook.com\\\/cocemfe.valencia\",\"https:\\\/\\\/x.com\\\/COCEMFEValencia\"]},{\"@type\":\"Person\",\"@id\":\"https:\\\/\\\/cocemfevalencia.org\\\/es\\\/#\\\/schema\\\/person\\\/e31a24227ccbc918e2c80add51990ad7\",\"name\":\"COCEMFE VALENCIA\",\"image\":{\"@type\":\"ImageObject\",\"inLanguage\":\"es\",\"@id\":\"https:\\\/\\\/secure.gravatar.com\\\/avatar\\\/81dd2ced4591577d70433bbfde65ba3f931e09f5cb4ca8c890817c47789b47f0?s=96&d=mm&r=g\",\"url\":\"https:\\\/\\\/secure.gravatar.com\\\/avatar\\\/81dd2ced4591577d70433bbfde65ba3f931e09f5cb4ca8c890817c47789b47f0?s=96&d=mm&r=g\",\"contentUrl\":\"https:\\\/\\\/secure.gravatar.com\\\/avatar\\\/81dd2ced4591577d70433bbfde65ba3f931e09f5cb4ca8c890817c47789b47f0?s=96&d=mm&r=g\",\"caption\":\"COCEMFE VALENCIA\"}}]}<\/script>\n<!-- \/ Yoast SEO plugin. -->","yoast_head_json":{"title":"ADAI-CV rep la donaci\u00f3 de la iniciativa Xapes Solid\u00e0ries Val\u00e8ncia. - Cocemfe Valencia","robots":{"index":"index","follow":"follow","max-snippet":"max-snippet:-1","max-image-preview":"max-image-preview:large","max-video-preview":"max-video-preview:-1"},"canonical":"https:\/\/cocemfevalencia.org\/es\/adai-cv-rep-la-donacio-de-la-iniciativa-xapes-solidaries-valencia-2\/","og_locale":"es_ES","og_type":"article","og_title":"ADAI-CV rep la donaci\u00f3 de la iniciativa Xapes Solid\u00e0ries Val\u00e8ncia. - Cocemfe Valencia","og_description":"Esta setmana l&#8217;associaci\u00f3 ADAI-CV, Associaci\u00f3 d&#8217;Afectats d&#8217;Ictus de la Comunitat Valenciana,\u00a0 federada a COCEMFE Val\u00e8ncia , ha rebut de Xapes Solid\u00e0ries Val\u00e8ncia un total de 750 \u20ac de donaci\u00f3. ADAI-CV va ser triada guanyadora el passat mes de Novembre entre altres associacions de COCEMFE Val\u00e8ncia gr\u00e0cies a la col\u00b7laboraci\u00f3 entre les dos entitats.\u00a0 La donaci\u00f3&hellip;&nbsp;Leer m\u00e1s &raquo;ADAI-CV rep la donaci\u00f3 de la iniciativa Xapes Solid\u00e0ries Val\u00e8ncia.","og_url":"https:\/\/cocemfevalencia.org\/es\/adai-cv-rep-la-donacio-de-la-iniciativa-xapes-solidaries-valencia-2\/","og_site_name":"Cocemfe Valencia","article_publisher":"https:\/\/www.facebook.com\/cocemfe.valencia","article_published_time":"2019-04-01T12:18:38+00:00","og_image":[{"url":"https:\/\/cocemfevalencia.org\/wp-content\/uploads\/2019\/04\/WhatsApp-Image-2019-04-01-at-09.52.46-1-1024x903.jpeg","type":"","width":"","height":""}],"author":"COCEMFE VALENCIA","twitter_card":"summary_large_image","twitter_creator":"@COCEMFEValencia","twitter_site":"@COCEMFEValencia","twitter_misc":{"Escrito por":"COCEMFE VALENCIA","Tiempo de lectura":"1 minuto"},"schema":{"@context":"https:\/\/schema.org","@graph":[{"@type":"Article","@id":"https:\/\/cocemfevalencia.org\/es\/adai-cv-rep-la-donacio-de-la-iniciativa-xapes-solidaries-valencia-2\/#article","isPartOf":{"@id":"https:\/\/cocemfevalencia.org\/es\/adai-cv-rep-la-donacio-de-la-iniciativa-xapes-solidaries-valencia-2\/"},"author":{"name":"COCEMFE VALENCIA","@id":"https:\/\/cocemfevalencia.org\/es\/#\/schema\/person\/e31a24227ccbc918e2c80add51990ad7"},"headline":"ADAI-CV rep la donaci\u00f3 de la iniciativa Xapes Solid\u00e0ries Val\u00e8ncia.","datePublished":"2019-04-01T12:18:38+00:00","mainEntityOfPage":{"@id":"https:\/\/cocemfevalencia.org\/es\/adai-cv-rep-la-donacio-de-la-iniciativa-xapes-solidaries-valencia-2\/"},"wordCount":266,"publisher":{"@id":"https:\/\/cocemfevalencia.org\/es\/#organization"},"image":{"@id":"https:\/\/cocemfevalencia.org\/es\/adai-cv-rep-la-donacio-de-la-iniciativa-xapes-solidaries-valencia-2\/#primaryimage"},"thumbnailUrl":"https:\/\/cocemfevalencia.org\/wp-content\/uploads\/2019\/04\/WhatsApp-Image-2019-04-01-at-09.52.46-1-1024x903.jpeg","articleSection":["Art\u00edculos COCEMFE Valencia"],"inLanguage":"es"},{"@type":"WebPage","@id":"https:\/\/cocemfevalencia.org\/es\/adai-cv-rep-la-donacio-de-la-iniciativa-xapes-solidaries-valencia-2\/","url":"https:\/\/cocemfevalencia.org\/es\/adai-cv-rep-la-donacio-de-la-iniciativa-xapes-solidaries-valencia-2\/","name":"ADAI-CV rep la donaci\u00f3 de la iniciativa Xapes Solid\u00e0ries Val\u00e8ncia. - Cocemfe Valencia","isPartOf":{"@id":"https:\/\/cocemfevalencia.org\/es\/#website"},"primaryImageOfPage":{"@id":"https:\/\/cocemfevalencia.org\/es\/adai-cv-rep-la-donacio-de-la-iniciativa-xapes-solidaries-valencia-2\/#primaryimage"},"image":{"@id":"https:\/\/cocemfevalencia.org\/es\/adai-cv-rep-la-donacio-de-la-iniciativa-xapes-solidaries-valencia-2\/#primaryimage"},"thumbnailUrl":"https:\/\/cocemfevalencia.org\/wp-content\/uploads\/2019\/04\/WhatsApp-Image-2019-04-01-at-09.52.46-1-1024x903.jpeg","datePublished":"2019-04-01T12:18:38+00:00","breadcrumb":{"@id":"https:\/\/cocemfevalencia.org\/es\/adai-cv-rep-la-donacio-de-la-iniciativa-xapes-solidaries-valencia-2\/#breadcrumb"},"inLanguage":"es","potentialAction":[{"@type":"ReadAction","target":["https:\/\/cocemfevalencia.org\/es\/adai-cv-rep-la-donacio-de-la-iniciativa-xapes-solidaries-valencia-2\/"]}]},{"@type":"ImageObject","inLanguage":"es","@id":"https:\/\/cocemfevalencia.org\/es\/adai-cv-rep-la-donacio-de-la-iniciativa-xapes-solidaries-valencia-2\/#primaryimage","url":"https:\/\/cocemfevalencia.org\/wp-content\/uploads\/2019\/04\/WhatsApp-Image-2019-04-01-at-09.52.46-1-1024x903.jpeg","contentUrl":"https:\/\/cocemfevalencia.org\/wp-content\/uploads\/2019\/04\/WhatsApp-Image-2019-04-01-at-09.52.46-1-1024x903.jpeg"},{"@type":"BreadcrumbList","@id":"https:\/\/cocemfevalencia.org\/es\/adai-cv-rep-la-donacio-de-la-iniciativa-xapes-solidaries-valencia-2\/#breadcrumb","itemListElement":[{"@type":"ListItem","position":1,"name":"Portada","item":"https:\/\/cocemfevalencia.org\/es\/"},{"@type":"ListItem","position":2,"name":"COCEMFE Val\u00e8ncia est\u00e0 informant, orientant i assessorant sobre discapacitat","item":"https:\/\/cocemfevalencia.org\/es\/cocemfe-valencia-esta-informant-orientant-i-assessorant-sobre-discapacitat-3\/"},{"@type":"ListItem","position":3,"name":"ADAI-CV rep la donaci\u00f3 de la iniciativa Xapes Solid\u00e0ries Val\u00e8ncia."}]},{"@type":"WebSite","@id":"https:\/\/cocemfevalencia.org\/es\/#website","url":"https:\/\/cocemfevalencia.org\/es\/","name":"Cocemfe Valencia","description":"FEDERACI\u00d3N DE ASOCIACIONES DE PERSONAS CON DISCAPACIDAD F\u00cdSICA Y ORG\u00c1NICA DE LA PROV\u00cdNCIA DE VALENCIA","publisher":{"@id":"https:\/\/cocemfevalencia.org\/es\/#organization"},"potentialAction":[{"@type":"SearchAction","target":{"@type":"EntryPoint","urlTemplate":"https:\/\/cocemfevalencia.org\/es\/?s={search_term_string}"},"query-input":{"@type":"PropertyValueSpecification","valueRequired":true,"valueName":"search_term_string"}}],"inLanguage":"es"},{"@type":"Organization","@id":"https:\/\/cocemfevalencia.org\/es\/#organization","name":"Cocemfe Valencia","url":"https:\/\/cocemfevalencia.org\/es\/","logo":{"@type":"ImageObject","inLanguage":"es","@id":"https:\/\/cocemfevalencia.org\/es\/#\/schema\/logo\/image\/","url":"https:\/\/cocemfevalencia.org\/wp-content\/uploads\/2023\/03\/0312-Horizontal-una-linea-larga-rgb-positivo-Tricolor.png","contentUrl":"https:\/\/cocemfevalencia.org\/wp-content\/uploads\/2023\/03\/0312-Horizontal-una-linea-larga-rgb-positivo-Tricolor.png","width":2334,"height":613,"caption":"Cocemfe Valencia"},"image":{"@id":"https:\/\/cocemfevalencia.org\/es\/#\/schema\/logo\/image\/"},"sameAs":["https:\/\/www.facebook.com\/cocemfe.valencia","https:\/\/x.com\/COCEMFEValencia"]},{"@type":"Person","@id":"https:\/\/cocemfevalencia.org\/es\/#\/schema\/person\/e31a24227ccbc918e2c80add51990ad7","name":"COCEMFE VALENCIA","image":{"@type":"ImageObject","inLanguage":"es","@id":"https:\/\/secure.gravatar.com\/avatar\/81dd2ced4591577d70433bbfde65ba3f931e09f5cb4ca8c890817c47789b47f0?s=96&d=mm&r=g","url":"https:\/\/secure.gravatar.com\/avatar\/81dd2ced4591577d70433bbfde65ba3f931e09f5cb4ca8c890817c47789b47f0?s=96&d=mm&r=g","contentUrl":"https:\/\/secure.gravatar.com\/avatar\/81dd2ced4591577d70433bbfde65ba3f931e09f5cb4ca8c890817c47789b47f0?s=96&d=mm&r=g","caption":"COCEMFE VALENCIA"}}]}},"_links":{"self":[{"href":"https:\/\/cocemfevalencia.org\/es\/wp-json\/wp\/v2\/posts\/8379","targetHints":{"allow":["GET"]}}],"collection":[{"href":"https:\/\/cocemfevalencia.org\/es\/wp-json\/wp\/v2\/posts"}],"about":[{"href":"https:\/\/cocemfevalencia.org\/es\/wp-json\/wp\/v2\/types\/post"}],"author":[{"embeddable":true,"href":"https:\/\/cocemfevalencia.org\/es\/wp-json\/wp\/v2\/users\/3"}],"replies":[{"embeddable":true,"href":"https:\/\/cocemfevalencia.org\/es\/wp-json\/wp\/v2\/comments?post=8379"}],"version-history":[{"count":0,"href":"https:\/\/cocemfevalencia.org\/es\/wp-json\/wp\/v2\/posts\/8379\/revisions"}],"wp:attachment":[{"href":"https:\/\/cocemfevalencia.org\/es\/wp-json\/wp\/v2\/media?parent=8379"}],"wp:term":[{"taxonomy":"category","embeddable":true,"href":"https:\/\/cocemfevalencia.org\/es\/wp-json\/wp\/v2\/categories?post=8379"},{"taxonomy":"post_tag","embeddable":true,"href":"https:\/\/cocemfevalencia.org\/es\/wp-json\/wp\/v2\/tags?post=8379"}],"curies":[{"name":"wp","href":"https:\/\/api.w.org\/{rel}","templated":true}]}}